{"id":44592,"date":"2019-07-19T12:50:08","date_gmt":"2019-07-19T15:50:08","guid":{"rendered":"http:\/\/blogdoedvaldomagalhaes.com.br\/?p=44592"},"modified":"2019-07-19T12:50:10","modified_gmt":"2019-07-19T15:50:10","slug":"apac-alerta-para-possiveis-chuvas-fortes-em-pernambuco","status":"publish","type":"post","link":"https:\/\/blogdoedvaldomagalhaes.com.br\/index.php\/2019\/07\/19\/apac-alerta-para-possiveis-chuvas-fortes-em-pernambuco\/","title":{"rendered":"Apac alerta para poss\u00edveis chuvas fortes em Pernambuco"},"content":{"rendered":"<p style=\"text-align: justify;\">A Ag\u00eancia Pernambucana de \u00c1guas e Clima (Apac), emitiu nota na manh\u00e3 desta sexta-feira (19) sobre poss\u00edveis chuvas com intensidade de moderada a forte em Pernambuco nas pr\u00f3ximas 24 horas.<\/p>\n<p style=\"text-align: justify;\">As chuvas devem ocorrer nos munic\u00edpios da Regi\u00e3o Metropolitana do Recife, Zona da Mata e Agreste. A popula\u00e7\u00e3o deve seguir as orienta\u00e7\u00f5es da Defesa Civil, que atende pelo 199. A liga\u00e7\u00e3o \u00e9 gratuita.<\/p>\n<p>Foto: Manoel Arruda\/Cortesia.<\/p>\n","protected":false},"excerpt":{"rendered":"<p>A Ag\u00eancia Pernambucana de \u00c1guas e Clima (Apac), emitiu nota na manh\u00e3 desta sexta-feira (19) sobre poss\u00edveis chuvas com intensidade&hellip;<\/p>\n","protected":false},"author":1,"featured_media":44593,"comment_status":"closed","ping_status":"open","sticky":false,"template":"","format":"standard","meta":{"footnotes":""},"categories":[14120],"tags":[15653,2],"class_list":["post-44592","post","type-post","status-publish","format-standard","has-post-thumbnail","hentry","category-noticias","tag-apac-alerta-para-possiveis-chuvas-fortes-em-pernambuco","tag-blog-do-edvaldo-magalhaes"],"_links":{"self":[{"href":"https:\/\/blogdoedvaldomagalhaes.com.br\/index.php\/wp-json\/wp\/v2\/posts\/44592","targetHints":{"allow":["GET"]}}],"collection":[{"href":"https:\/\/blogdoedvaldomagalhaes.com.br\/index.php\/wp-json\/wp\/v2\/posts"}],"about":[{"href":"https:\/\/blogdoedvaldomagalhaes.com.br\/index.php\/wp-json\/wp\/v2\/types\/post"}],"author":[{"embeddable":true,"href":"https:\/\/blogdoedvaldomagalhaes.com.br\/index.php\/wp-json\/wp\/v2\/users\/1"}],"replies":[{"embeddable":true,"href":"https:\/\/blogdoedvaldomagalhaes.com.br\/index.php\/wp-json\/wp\/v2\/comments?post=44592"}],"version-history":[{"count":1,"href":"https:\/\/blogdoedvaldomagalhaes.com.br\/index.php\/wp-json\/wp\/v2\/posts\/44592\/revisions"}],"predecessor-version":[{"id":44594,"href":"https:\/\/blogdoedvaldomagalhaes.com.br\/index.php\/wp-json\/wp\/v2\/posts\/44592\/revisions\/44594"}],"wp:featuredmedia":[{"embeddable":true,"href":"https:\/\/blogdoedvaldomagalhaes.com.br\/index.php\/wp-json\/wp\/v2\/media\/44593"}],"wp:attachment":[{"href":"https:\/\/blogdoedvaldomagalhaes.com.br\/index.php\/wp-json\/wp\/v2\/media?parent=44592"}],"wp:term":[{"taxonomy":"category","embeddable":true,"href":"https:\/\/blogdoedvaldomagalhaes.com.br\/index.php\/wp-json\/wp\/v2\/categories?post=44592"},{"taxonomy":"post_tag","embeddable":true,"href":"https:\/\/blogdoedvaldomagalhaes.com.br\/index.php\/wp-json\/wp\/v2\/tags?post=44592"}],"curies":[{"name":"wp","href":"https:\/\/api.w.org\/{rel}","templated":true}]}}