{"id":4459,"date":"2017-10-04T23:42:00","date_gmt":"2017-10-05T02:42:00","guid":{"rendered":"http:\/\/blogdoedvaldomagalhaes.com.br\/index.php\/2017\/10\/04\/severino-florencio-recebe-titulo-de\/"},"modified":"2019-02-09T01:46:50","modified_gmt":"2019-02-09T03:46:50","slug":"severino-florencio-recebe-titulo-de","status":"publish","type":"post","link":"https:\/\/blogdoedvaldomagalhaes.com.br\/index.php\/2017\/10\/04\/severino-florencio-recebe-titulo-de\/","title":{"rendered":"Severino Flor\u00eancio recebe T\u00edtulo de Cidad\u00e3o de Caruaru nesta quinta (4)"},"content":{"rendered":"<div style=\"text-align: justify;\">\n<div class=\"separator\" style=\"clear: both; text-align: center;\">\n<a href=\"https:\/\/2.bp.blogspot.com\/-fxHaTE4f3UA\/WdVxvKQ9h4I\/AAAAAAAAgcg\/kwyJAM84jB4GhHGDn5aV34wK6GEXscbMACLcBGAs\/s1600\/IMG-20171004-WA0173.jpg\" imageanchor=\"1\" style=\"margin-left: 1em; margin-right: 1em;\"><img loading=\"lazy\" decoding=\"async\" border=\"0\" data-original-height=\"594\" data-original-width=\"843\" height=\"281\" src=\"http:\/\/blogdoedvaldomagalhaes.com.br\/wp-content\/uploads\/2017\/10\/IMG-20171004-WA0173.jpg\" width=\"400\" \/><\/a><\/div>\n<p><\/div>\n<div style=\"text-align: justify;\">\nA C\u00e2mara de Vereadores de Caruaru entrega o T\u00edtulo de &#8220;Cidad\u00e3o Caruaruense&#8221; ao ator Severino Flor\u00eancio, em Sess\u00e3o Solene, \u00e0s 20h desta quinta-feira (05). A propositura \u00e9 do ex-vereador Jaelcio Ten\u00f3rio.&nbsp;<\/p>\n<p>Este ano, Severino Flor\u00eancio,&nbsp; completa 40 anos atuando nas artes c\u00eanicas no munic\u00edpio, e \u00e9 um dos mais respeitados artistas do teatro caruaruense, seja como diretor, produtor, ator ou dedicando-se nos segmentos culturais do SESC ou nos mais diversos movimentos culturais, guarda consigo pr\u00eamios e reconhecimentos.<\/p>\n<div class=\"separator\" style=\"clear: both; text-align: center;\">\n<a href=\"https:\/\/4.bp.blogspot.com\/--gB4mxuNu3A\/WdV0kO_Rt0I\/AAAAAAAAgcs\/HXRsCl0hookhCXa-xa3kG-LVK8oM-2W3ACLcBGAs\/s1600\/IMG-20171004-WA0171.jpg\" imageanchor=\"1\" style=\"margin-left: 1em; margin-right: 1em;\"><img loading=\"lazy\" decoding=\"async\" border=\"0\" data-original-height=\"332\" data-original-width=\"500\" height=\"265\" src=\"http:\/\/blogdoedvaldomagalhaes.com.br\/wp-content\/uploads\/2017\/10\/IMG-20171004-WA0171.jpg\" width=\"400\" \/><\/a><\/div>\n<p><\/div>\n<div style=\"text-align: justify;\">\nSeverino Flor\u00eancio j\u00e1 foi diretor da Casa de Cultura, da Diretoria de Cultura e presidiu tamb\u00e9m a Funda\u00e7\u00e3o de Cultura e Turismo. \u00c9 natural do s\u00edtio Serra de Aires, em Bezerros e veio sozinho para Caruaru ainda adolescente. Estudou e trabalhou no com\u00e9rcio. J\u00e1 na d\u00e9cada de 70 participou do grupo jovem da Igreja do Ros\u00e1rio, depois foi convidado por J\u00f4 Albuquerque, atual presidente da Associa\u00e7\u00e3o dos Artistas, para integrar o grupo de teatro do TEA. Sua primeira atua\u00e7\u00e3o acontece no espet\u00e1culo \u201cFesta de Casamento\u201d.<\/div>\n<div style=\"text-align: justify;\">\n<\/div>\n<div style=\"text-align: justify;\">\nFoi convidado para dar uma oficina no SESC, em maio de 1980, tornando-se profissional da casa at\u00e9 hoje. Neste mesmo per\u00edodo criou o Grupo de Teatro do Sesc, que revelou grandes talentos do nosso teatro, a exemplo de Prazeres Barbosa e Maria Alves, e arrematou pr\u00eamios nos principais festivais brasileiros de teatro. Fundou o Grupo Arte-em-Cena em 1987 produzindo grandes espet\u00e1culos como: \u201cQuinze anos depois\u201d, \u201cAvatar\u201d, \u201cDorot\u00e9ia vai \u00e0 guerra\u201d, \u201cDeus danado\u201d e agora \u201cA Visita\u201d. Deus Danado j\u00e1 est\u00e1 em DVD. Tem nas telonas participa\u00e7\u00e3o nos filmes \u201cAs videntes de Cimbres\u201d, \u201cA cidade de quatro torres\u201d e \u201cO cangaceiro\u201d e \u201cFerrolho\u201d. Integra o elenco da Paix\u00e3o de Cristo de Nova Jerusal\u00e9m h\u00e1 18 anos.<\/div>\n<div style=\"text-align: justify;\">\n<\/div>\n<div style=\"text-align: justify;\">\nAtualmente est\u00e1 com o espet\u00e1culo premiado \u201cA Visita\u201d, que j\u00e1 circulou pela Europa.<\/div>\n","protected":false},"excerpt":{"rendered":"<p>A C\u00e2mara de Vereadores de Caruaru entrega o T\u00edtulo de &#8220;Cidad\u00e3o Caruaruense&#8221; ao ator Severino Flor\u00eancio, em Sess\u00e3o Solene, \u00e0s&hellip;<\/p>\n","protected":false},"author":1,"featured_media":0,"comment_status":"open","ping_status":"open","sticky":false,"template":"","format":"standard","meta":{"footnotes":""},"categories":[1],"tags":[2,5569,1950,20,5570,5571],"class_list":["post-4459","post","type-post","status-publish","format-standard","hentry","category-sem-categoria","tag-blog-do-edvaldo-magalhaes","tag-jaelcio-tenorio","tag-noticias-de-caruaru","tag-politica","tag-sesc","tag-severino-florencio-recebe-titulo-de-cidadao-de-caruaru-nesta-quinta-4"],"_links":{"self":[{"href":"https:\/\/blogdoedvaldomagalhaes.com.br\/index.php\/wp-json\/wp\/v2\/posts\/4459","targetHints":{"allow":["GET"]}}],"collection":[{"href":"https:\/\/blogdoedvaldomagalhaes.com.br\/index.php\/wp-json\/wp\/v2\/posts"}],"about":[{"href":"https:\/\/blogdoedvaldomagalhaes.com.br\/index.php\/wp-json\/wp\/v2\/types\/post"}],"author":[{"embeddable":true,"href":"https:\/\/blogdoedvaldomagalhaes.com.br\/index.php\/wp-json\/wp\/v2\/users\/1"}],"replies":[{"embeddable":true,"href":"https:\/\/blogdoedvaldomagalhaes.com.br\/index.php\/wp-json\/wp\/v2\/comments?post=4459"}],"version-history":[{"count":1,"href":"https:\/\/blogdoedvaldomagalhaes.com.br\/index.php\/wp-json\/wp\/v2\/posts\/4459\/revisions"}],"predecessor-version":[{"id":24846,"href":"https:\/\/blogdoedvaldomagalhaes.com.br\/index.php\/wp-json\/wp\/v2\/posts\/4459\/revisions\/24846"}],"wp:attachment":[{"href":"https:\/\/blogdoedvaldomagalhaes.com.br\/index.php\/wp-json\/wp\/v2\/media?parent=4459"}],"wp:term":[{"taxonomy":"category","embeddable":true,"href":"https:\/\/blogdoedvaldomagalhaes.com.br\/index.php\/wp-json\/wp\/v2\/categories?post=4459"},{"taxonomy":"post_tag","embeddable":true,"href":"https:\/\/blogdoedvaldomagalhaes.com.br\/index.php\/wp-json\/wp\/v2\/tags?post=4459"}],"curies":[{"name":"wp","href":"https:\/\/api.w.org\/{rel}","templated":true}]}}