{"id":44587,"date":"2019-07-19T11:50:34","date_gmt":"2019-07-19T14:50:34","guid":{"rendered":"http:\/\/blogdoedvaldomagalhaes.com.br\/?p=44587"},"modified":"2019-07-19T21:36:50","modified_gmt":"2019-07-20T00:36:50","slug":"morre-no-hra-segundo-policial-envolvido-em-troca-de-tiros-apos-assalto-em-santa-cruz-do-capibaribe","status":"publish","type":"post","link":"https:\/\/blogdoedvaldomagalhaes.com.br\/index.php\/2019\/07\/19\/morre-no-hra-segundo-policial-envolvido-em-troca-de-tiros-apos-assalto-em-santa-cruz-do-capibaribe\/","title":{"rendered":"Morre no HRA segundo policial envolvido em troca de tiros ap\u00f3s assalto em Santa Cruz do Capibaribe"},"content":{"rendered":"<p style=\"text-align: justify;\">Morreu na manh\u00e3 desta sexta-feira (19), no Hospital Regional do Agreste (HRA), em Caruaru, o sargento Moacir Moreira, 47 anos. Ele estava internado desde o dia 1\u00ba de julho quando foi baleado durante uma troca de tiros com quatro assaltantes em Malhada do Meio, em Santa Cruz do Capibaribe. No confronto, faleceu o policial militar Andr\u00e9 Silva, 32 anos, que conduzia a viatura atacada pelos marginais.<\/p>\n<p style=\"text-align: justify;\">O sargento Moacir passou 18 dias internado e faleceu \u00e0s 10h30, em decorr\u00eancia de insufici\u00eancia respirat\u00f3ria grave. Ele tamb\u00e9m sofreu uma parada cardiorrespirat\u00f3ria. Os m\u00e9dicos tentaram reanima-lo, mas n\u00e3o conseguiram.<\/p>\n<p style=\"text-align: justify;\">Os bandidos tinham assaltado uma casa lot\u00e9rica e um mercadinho no bairro Dona Lica e foram perseguidos pelos dois policiais. Os quatro assaltantes desceram do ve\u00edculo ap\u00f3s dobrar em uma esquina e efetuaram v\u00e1rios tiros contra a viatura da pol\u00edcia.<\/p>\n<p style=\"text-align: justify;\">Tr\u00eas dos quatro assaltantes foram mortos em uma a\u00e7\u00e3o da Pol\u00edcia Militar que deixou oito criminosos mortos em Barra de S\u00e3o Miguel, na Para\u00edba. Eles tinham envolvimento com uma quadrilha de assaltantes de bancos.<\/p>\n<p style=\"text-align: justify;\"><strong>Nota do Hospital Regional do Agreste<\/strong><\/p>\n<p style=\"text-align: justify;\">O Hospital Regional do Agreste (HRA) informa que o paciente Moacir Moreira da Silva, 47 anos, ap\u00f3s 18 dias interno, veio a \u00f3bito \u00e0s 10h30 nda manh\u00e3 desta sexta-feira (19.07) em decorr\u00eancia de insufici\u00eancia respirat\u00f3ria grave, evoluindo para uma parada cardiorrespirat\u00f3ria sem resposta \u00e0s manobras de reanima\u00e7\u00e3o.<\/p>\n<p>O vel\u00f3rio do SGT Moacir ser\u00e1 na Escola de refer\u00eancia EMAG, em Palmares.<br \/>\nO enterro ser\u00e1 no Cemit\u00e9rio Parque das Palmeiras, em Palmares, \u00e0s 16h, deste s\u00e1bado (20).<\/p>\n","protected":false},"excerpt":{"rendered":"<p>Morreu na manh\u00e3 desta sexta-feira (19), no Hospital Regional do Agreste (HRA), em Caruaru, o sargento Moacir Moreira, 47 anos.&hellip;<\/p>\n","protected":false},"author":1,"featured_media":44588,"comment_status":"closed","ping_status":"open","sticky":false,"template":"","format":"standard","meta":{"footnotes":""},"categories":[14121],"tags":[2,15652],"class_list":["post-44587","post","type-post","status-publish","format-standard","has-post-thumbnail","hentry","category-policial","tag-blog-do-edvaldo-magalhaes","tag-morre-no-hra-segundo-policial-envolvido-em-troca-de-tiros-apos-assalto-em-santa-cruz-do-capibaribe"],"_links":{"self":[{"href":"https:\/\/blogdoedvaldomagalhaes.com.br\/index.php\/wp-json\/wp\/v2\/posts\/44587","targetHints":{"allow":["GET"]}}],"collection":[{"href":"https:\/\/blogdoedvaldomagalhaes.com.br\/index.php\/wp-json\/wp\/v2\/posts"}],"about":[{"href":"https:\/\/blogdoedvaldomagalhaes.com.br\/index.php\/wp-json\/wp\/v2\/types\/post"}],"author":[{"embeddable":true,"href":"https:\/\/blogdoedvaldomagalhaes.com.br\/index.php\/wp-json\/wp\/v2\/users\/1"}],"replies":[{"embeddable":true,"href":"https:\/\/blogdoedvaldomagalhaes.com.br\/index.php\/wp-json\/wp\/v2\/comments?post=44587"}],"version-history":[{"count":3,"href":"https:\/\/blogdoedvaldomagalhaes.com.br\/index.php\/wp-json\/wp\/v2\/posts\/44587\/revisions"}],"predecessor-version":[{"id":44605,"href":"https:\/\/blogdoedvaldomagalhaes.com.br\/index.php\/wp-json\/wp\/v2\/posts\/44587\/revisions\/44605"}],"wp:featuredmedia":[{"embeddable":true,"href":"https:\/\/blogdoedvaldomagalhaes.com.br\/index.php\/wp-json\/wp\/v2\/media\/44588"}],"wp:attachment":[{"href":"https:\/\/blogdoedvaldomagalhaes.com.br\/index.php\/wp-json\/wp\/v2\/media?parent=44587"}],"wp:term":[{"taxonomy":"category","embeddable":true,"href":"https:\/\/blogdoedvaldomagalhaes.com.br\/index.php\/wp-json\/wp\/v2\/categories?post=44587"},{"taxonomy":"post_tag","embeddable":true,"href":"https:\/\/blogdoedvaldomagalhaes.com.br\/index.php\/wp-json\/wp\/v2\/tags?post=44587"}],"curies":[{"name":"wp","href":"https:\/\/api.w.org\/{rel}","templated":true}]}}