{"id":44584,"date":"2019-07-19T08:56:15","date_gmt":"2019-07-19T11:56:15","guid":{"rendered":"http:\/\/blogdoedvaldomagalhaes.com.br\/?p=44584"},"modified":"2019-07-19T08:56:16","modified_gmt":"2019-07-19T11:56:16","slug":"policia-prende-suspeitos-de-matar-mulher-em-caruaru","status":"publish","type":"post","link":"https:\/\/blogdoedvaldomagalhaes.com.br\/index.php\/2019\/07\/19\/policia-prende-suspeitos-de-matar-mulher-em-caruaru\/","title":{"rendered":"Pol\u00edcia prende suspeitos de matar mulher em Caruaru"},"content":{"rendered":"\n<p>Maria L\u00facia  de Jesus, de 27 anos de idade, foi assassinada em janeiro deste ano, quando vendia lanches na avenida Caruaru, no bairro Boa Vista, e na \u00faltima quarta-feira (17),  a pol\u00edcia prendeu Maur\u00edcio Jos\u00e9 da Silva, suspeito de ser o executor. J\u00e1 na manh\u00e3 desta sexta-feira (19), foi preso o ex-companheiro dela, suspeito de ser o mandante do crime, Luiz Andr\u00e9 da Silva, de 34 anos de idade, que alegou trai\u00e7\u00e3o para encomendar a morte dela. <\/p>\n","protected":false},"excerpt":{"rendered":"<p>Maria L\u00facia de Jesus, de 27 anos de idade, foi assassinada em janeiro deste ano, quando vendia lanches na avenida&hellip;<\/p>\n","protected":false},"author":1,"featured_media":44585,"comment_status":"closed","ping_status":"open","sticky":false,"template":"","format":"standard","meta":{"footnotes":""},"categories":[1],"tags":[2,15651],"class_list":["post-44584","post","type-post","status-publish","format-standard","has-post-thumbnail","hentry","category-sem-categoria","tag-blog-do-edvaldo-magalhaes","tag-policia-prende-suspeitos-de-matar-mulher-em-caruaru"],"_links":{"self":[{"href":"https:\/\/blogdoedvaldomagalhaes.com.br\/index.php\/wp-json\/wp\/v2\/posts\/44584","targetHints":{"allow":["GET"]}}],"collection":[{"href":"https:\/\/blogdoedvaldomagalhaes.com.br\/index.php\/wp-json\/wp\/v2\/posts"}],"about":[{"href":"https:\/\/blogdoedvaldomagalhaes.com.br\/index.php\/wp-json\/wp\/v2\/types\/post"}],"author":[{"embeddable":true,"href":"https:\/\/blogdoedvaldomagalhaes.com.br\/index.php\/wp-json\/wp\/v2\/users\/1"}],"replies":[{"embeddable":true,"href":"https:\/\/blogdoedvaldomagalhaes.com.br\/index.php\/wp-json\/wp\/v2\/comments?post=44584"}],"version-history":[{"count":1,"href":"https:\/\/blogdoedvaldomagalhaes.com.br\/index.php\/wp-json\/wp\/v2\/posts\/44584\/revisions"}],"predecessor-version":[{"id":44586,"href":"https:\/\/blogdoedvaldomagalhaes.com.br\/index.php\/wp-json\/wp\/v2\/posts\/44584\/revisions\/44586"}],"wp:featuredmedia":[{"embeddable":true,"href":"https:\/\/blogdoedvaldomagalhaes.com.br\/index.php\/wp-json\/wp\/v2\/media\/44585"}],"wp:attachment":[{"href":"https:\/\/blogdoedvaldomagalhaes.com.br\/index.php\/wp-json\/wp\/v2\/media?parent=44584"}],"wp:term":[{"taxonomy":"category","embeddable":true,"href":"https:\/\/blogdoedvaldomagalhaes.com.br\/index.php\/wp-json\/wp\/v2\/categories?post=44584"},{"taxonomy":"post_tag","embeddable":true,"href":"https:\/\/blogdoedvaldomagalhaes.com.br\/index.php\/wp-json\/wp\/v2\/tags?post=44584"}],"curies":[{"name":"wp","href":"https:\/\/api.w.org\/{rel}","templated":true}]}}