{"id":4458,"date":"2017-10-05T00:05:00","date_gmt":"2017-10-05T03:05:00","guid":{"rendered":"http:\/\/blogdoedvaldomagalhaes.com.br\/index.php\/2017\/10\/05\/policia-civil-prende-tio-e-sobrinho\/"},"modified":"2019-02-09T01:46:50","modified_gmt":"2019-02-09T03:46:50","slug":"policia-civil-prende-tio-e-sobrinho","status":"publish","type":"post","link":"https:\/\/blogdoedvaldomagalhaes.com.br\/index.php\/2017\/10\/05\/policia-civil-prende-tio-e-sobrinho\/","title":{"rendered":"Pol\u00edcia Civil prende tio e sobrinho suspeitos de latroc\u00ednio em Caruaru"},"content":{"rendered":"<div class=\"separator\" style=\"clear: both; text-align: center;\">\n<\/div>\n<div class=\"separator\" style=\"clear: both; text-align: center;\">\n<a href=\"https:\/\/1.bp.blogspot.com\/-L7DqdV441OI\/WdV4NpHLS3I\/AAAAAAAAgdE\/bUEv2fCXQCIjayy4tUsfGUViem3vnM8TgCLcBGAs\/s1600\/pc.jpg\" imageanchor=\"1\" style=\"margin-left: 1em; margin-right: 1em;\"><img loading=\"lazy\" decoding=\"async\" border=\"0\" data-original-height=\"568\" data-original-width=\"852\" height=\"265\" src=\"http:\/\/blogdoedvaldomagalhaes.com.br\/wp-content\/uploads\/2017\/10\/pc.jpg\" width=\"400\" \/><\/a><\/div>\n<div class=\"separator\" style=\"clear: both; text-align: center;\">\nFoto ilustrativa<\/div>\n<div class=\"separator\" style=\"clear: both; text-align: center;\">\n<\/div>\n<div style=\"text-align: justify;\">\nEquipe da 20\u00b0 Delegacia de Homic\u00eddio de Caruaru, sob a coordena\u00e7\u00e3o do delegado Marcio Cruz, prendeu, na tarde desta ter\u00e7a-feira (3), Felipe Santiago Oliveira da Silva, de 25 anos, respons\u00e1vel pelo latroc\u00ednio do pedreiro Adeildo pereira da Silva, ocorrido no dia 18 de setembro deste ano. O suspeito havia sido preso em 2016 por tr\u00e1fico de drogas.<\/p>\n<\/div>\n<div style=\"text-align: justify;\">\nFelipe Santiago, em companhia do sobrinho Alisson Santiago Oliveira da Silva, de 18 anos, abordaram a v\u00edtima no bairro Jo\u00e3o Mota, quando estava a caminho do trabalho. Alisson se apresentou, na tarde desta quarta-feira (04\/09), na DPH de Caruaru. Ele era considerado foragido da justi\u00e7a, pois j\u00e1 existia mandado de pris\u00e3o contra o mesmo, indiciado no mesmo inqu\u00e9rito policial, pelo latroc\u00ednio.<\/p>\n<p>Informa\u00e7\u00f5es da Assessoria de Imprensa da PCPE<\/p><\/div>\n","protected":false},"excerpt":{"rendered":"<p>Foto ilustrativa Equipe da 20\u00b0 Delegacia de Homic\u00eddio de Caruaru, sob a coordena\u00e7\u00e3o do delegado Marcio Cruz, prendeu, na tarde&hellip;<\/p>\n","protected":false},"author":1,"featured_media":0,"comment_status":"open","ping_status":"open","sticky":false,"template":"","format":"standard","meta":{"footnotes":""},"categories":[1],"tags":[2,3186,5568,13],"class_list":["post-4458","post","type-post","status-publish","format-standard","hentry","category-sem-categoria","tag-blog-do-edvaldo-magalhaes","tag-noticias-policiais-de-caruaru","tag-policia-civil-prende-tio-e-sobrinho-suspeitos-de-latrocinio-em-caruaru","tag-policial"],"_links":{"self":[{"href":"https:\/\/blogdoedvaldomagalhaes.com.br\/index.php\/wp-json\/wp\/v2\/posts\/4458","targetHints":{"allow":["GET"]}}],"collection":[{"href":"https:\/\/blogdoedvaldomagalhaes.com.br\/index.php\/wp-json\/wp\/v2\/posts"}],"about":[{"href":"https:\/\/blogdoedvaldomagalhaes.com.br\/index.php\/wp-json\/wp\/v2\/types\/post"}],"author":[{"embeddable":true,"href":"https:\/\/blogdoedvaldomagalhaes.com.br\/index.php\/wp-json\/wp\/v2\/users\/1"}],"replies":[{"embeddable":true,"href":"https:\/\/blogdoedvaldomagalhaes.com.br\/index.php\/wp-json\/wp\/v2\/comments?post=4458"}],"version-history":[{"count":1,"href":"https:\/\/blogdoedvaldomagalhaes.com.br\/index.php\/wp-json\/wp\/v2\/posts\/4458\/revisions"}],"predecessor-version":[{"id":24848,"href":"https:\/\/blogdoedvaldomagalhaes.com.br\/index.php\/wp-json\/wp\/v2\/posts\/4458\/revisions\/24848"}],"wp:attachment":[{"href":"https:\/\/blogdoedvaldomagalhaes.com.br\/index.php\/wp-json\/wp\/v2\/media?parent=4458"}],"wp:term":[{"taxonomy":"category","embeddable":true,"href":"https:\/\/blogdoedvaldomagalhaes.com.br\/index.php\/wp-json\/wp\/v2\/categories?post=4458"},{"taxonomy":"post_tag","embeddable":true,"href":"https:\/\/blogdoedvaldomagalhaes.com.br\/index.php\/wp-json\/wp\/v2\/tags?post=4458"}],"curies":[{"name":"wp","href":"https:\/\/api.w.org\/{rel}","templated":true}]}}