{"id":4457,"date":"2017-10-05T01:00:00","date_gmt":"2017-10-05T04:00:00","guid":{"rendered":"http:\/\/blogdoedvaldomagalhaes.com.br\/index.php\/2017\/10\/05\/confira-as-ultimas-nomeacoes-e\/"},"modified":"2019-02-09T01:46:52","modified_gmt":"2019-02-09T03:46:52","slug":"confira-as-ultimas-nomeacoes-e","status":"publish","type":"post","link":"https:\/\/blogdoedvaldomagalhaes.com.br\/index.php\/2017\/10\/05\/confira-as-ultimas-nomeacoes-e\/","title":{"rendered":"Confira as \u00faltimas nomea\u00e7\u00f5es e exonera\u00e7\u00f5es na Prefeitura de Caruaru"},"content":{"rendered":"<div class=\"separator\" style=\"clear: both; text-align: center;\">\n<a href=\"https:\/\/1.bp.blogspot.com\/-tB0bOZTBU_M\/WdWECIMjTgI\/AAAAAAAAgdU\/bFe7vzJGRwIFyygH8A-w3z5e0zlKbR-1QCLcBGAs\/s1600\/nomea%25C3%25A7%25C3%25B5es.png\" imageanchor=\"1\" style=\"margin-left: 1em; margin-right: 1em;\"><img loading=\"lazy\" decoding=\"async\" border=\"0\" data-original-height=\"128\" data-original-width=\"317\" height=\"160\" src=\"http:\/\/blogdoedvaldomagalhaes.com.br\/wp-content\/uploads\/2017\/10\/nomeaC3A7C3B5es.png\" width=\"400\" \/><\/a><\/div>\n<div style=\"text-align: justify;\">\n<br \/>\nAs nomea\u00e7\u00f5es e exonera\u00e7\u00f5es foram publicadas no Di\u00e1rio Oficial Municipal da Prefeitura de Caruaru, nessa ter\u00e7a-feira (03). Confira abaixo:\n<\/div>\n<div style=\"text-align: justify;\">\nExonerada ROSA MARIA DA SILVA, do cargo de&nbsp;Encarregado do Setor \u2013 FCTC da Funda\u00e7\u00e3o de Cultura e<\/div>\n<div style=\"text-align: justify;\">\nTurismo, com efeitos retroativos a 31 de agosto de 2017.<\/div>\n<div style=\"text-align: justify;\">\n<\/div>\n<div style=\"text-align: justify;\">\nExonerada ALYNE FERREIRA DE OLIVEIRA, do cargo&nbsp;de Agente Cultural da Funda\u00e7\u00e3o de Cultura e Turismo,&nbsp;com efeitos retroativos a 31.08.2017.<\/div>\n<div style=\"text-align: justify;\">\n<\/div>\n<div style=\"text-align: justify;\">\nExonerado ROSSEANO EVALDO VASCONCELOS, do cargo&nbsp;de Assessor Especial da Funda\u00e7\u00e3o de Cultura e<\/div>\n<div style=\"text-align: justify;\">\nTurismo, com efeitos retroativos a 31.08.2017.<\/div>\n<div style=\"text-align: justify;\">\n<\/div>\n<div style=\"text-align: justify;\">\nExonerado NADINELSON FRANCISCO DE OLIVEIRA, do cargo&nbsp;de Coordenador de Contabilidade, Finan\u00e7as e Or\u00e7amento&nbsp;da Funda\u00e7\u00e3o de Cultura e Turismo, com efeitos retroativos a&nbsp;31.08.2017.<\/div>\n<div style=\"text-align: justify;\">\n<\/div>\n<div style=\"text-align: justify;\">\nExonerada REGINA L\u00daCIA DE OLIVEIRA CAVALCANTE, do cargo&nbsp;de Diretor de Documenta\u00e7\u00e3o e Patrim\u00f4nio Cultural da&nbsp;Funda\u00e7\u00e3o de Cultura e Turismo, com efeitos retroativos a 31.08.2017.<\/div>\n<div style=\"text-align: justify;\">\n<\/div>\n<div style=\"text-align: justify;\">\nExonerada MARIA ADELMA DA SILVA PEREIRA, do cargo&nbsp;de Coordenador de Cultura Popular e Tradicional&nbsp;da Funda\u00e7\u00e3o de Cultura e Turismo, com efeitos retroativos a 31.08.2017.<\/div>\n<div style=\"text-align: justify;\">\n<\/div>\n<div style=\"text-align: justify;\">\nExonerada MARILEIDE DA CONCEI\u00c7\u00c3O SANTOS, do cargo&nbsp;de Coordenador de Museus e Espa\u00e7os Culturais&nbsp;da Funda\u00e7\u00e3o de Cultura e Turismo, com efeitos retroativos a<\/div>\n<div style=\"text-align: justify;\">\n31.08.2017.<\/div>\n<div style=\"text-align: justify;\">\n<\/div>\n<div style=\"text-align: justify;\">\nExonerada JOSINA MARIA DA SILVA, do cargo de&nbsp;Assessor T\u00e9cnico da Funda\u00e7\u00e3o de Cultura e Turismo, com&nbsp;efeitos retroativos a 31.08.2017.<\/div>\n<div style=\"text-align: justify;\">\n<\/div>\n<div style=\"text-align: justify;\">\nExonerado F\u00c1BIO DUARTE SUD\u00c1RIO, do cargo de<\/div>\n<div style=\"text-align: justify;\">\nCoordenador de Dan\u00e7as da Funda\u00e7\u00e3o de Cultura e Turismo,<\/div>\n<div style=\"text-align: justify;\">\ncom efeitos retroativos a 31.08.2017.<\/div>\n<div style=\"text-align: justify;\">\n<\/div>\n<div style=\"text-align: justify;\">\nExonerado \u00cdCARO GABRIEL TRAJANO CABRAL, do cargo&nbsp;de Assessor T\u00e9cnico da Funda\u00e7\u00e3o de Cultura e<\/div>\n<div style=\"text-align: justify;\">\nTurismo, com efeitos retroativos a 31.08.2017.<\/div>\n<div style=\"text-align: justify;\">\n<\/div>\n<div style=\"text-align: justify;\">\nExonerada EDVANE MARIA DA SILVA PONTES, do cargo&nbsp;de Coordenador de Cinema, V\u00eddeo e Fotografia&nbsp;da Funda\u00e7\u00e3o de Cultura e Turismo, com efeitos retroativos a 31.08.2017.<\/div>\n<div style=\"text-align: justify;\">\n<\/div>\n<div style=\"text-align: justify;\">\nExonerado DJAIR ROBERTO VASCONCELOS, do cargo&nbsp;de Diretor De A\u00e7\u00f5es Culturais da Funda\u00e7\u00e3o de&nbsp;Cultura e Turismo, com efeitos retroativos a 31.08.2017.<\/div>\n<div style=\"text-align: justify;\">\n<\/div>\n<div style=\"text-align: justify;\">\nNomeada CYNARA PATR\u00cdCIA BARBOSA DA SILVA, para o cargo&nbsp;de Coordenador de Cultura Popular e Tradicional&nbsp;da Funda\u00e7\u00e3o de Cultura e Turismo, com efeitos retroativos a 01 de&nbsp;setembro de 2017.<\/div>\n<div style=\"text-align: justify;\">\n<\/div>\n<div style=\"text-align: justify;\">\nNomeada HILDENIA MARIA ARAUJO DE MELO, para o cargo&nbsp;de ASSESSOR JUR\u00cdDICO da Funda\u00e7\u00e3o&nbsp;de Cultura e Turismo, com efeitos retroativos a 01.09.2017.<\/div>\n<div style=\"text-align: justify;\">\n<\/div>\n<div style=\"text-align: justify;\">\nNomeado GILVAN SEVERINO DA SILVA, para o cargo&nbsp;de Encarregado do Setor \u2013 FCTC, Funda\u00e7\u00e3o de Cultura e<\/div>\n<div style=\"text-align: justify;\">\nTurismo, com efeitos retroativos a 01.09.2017.<\/div>\n<div style=\"text-align: justify;\">\n<\/div>\n<div style=\"text-align: justify;\">\nNomeado GILDASIO PAULINO DOS SANTOS FILHO, para o cargo&nbsp;de Coordenador de Administra\u00e7\u00e3o geral da&nbsp;Funda\u00e7\u00e3o de Cultura e Turismo, com efeitos retroativos a 01.09.2017.<\/div>\n<div style=\"text-align: justify;\">\n<\/div>\n<div style=\"text-align: justify;\">\nNomeado FULVIO WAGNER LOPES GOMES, para o cargo&nbsp;de Diretor de A\u00e7\u00f5es Culturais da&nbsp;Funda\u00e7\u00e3o de Cultura e Turismo, com efeitos retroativos a 01.09.2017.<\/div>\n<div style=\"text-align: justify;\">\n<\/div>\n<div style=\"text-align: justify;\">\nNomeado DJAIR ROBERTO VASCONCELOS, para o cargo&nbsp;de Assessor Especial da Funda\u00e7\u00e3o de<\/div>\n<div style=\"text-align: justify;\">\nCultura e Turismo, com efeitos retroativos a 01.09.2017.<\/div>\n<div style=\"text-align: justify;\">\n<\/div>\n<div style=\"text-align: justify;\">\nNomeado DARLLAN NEVES DA ROCHA, para o cargo&nbsp;de Coordenador de Museus e Espa\u00e7os Culturais da&nbsp;Funda\u00e7\u00e3o de Cultura e Turismo, com efeitos retroativos a 01.09.2017.<\/div>\n<div style=\"text-align: justify;\">\n<\/div>\n<div style=\"text-align: justify;\">\nNomeada CARLA MICHELLY PEREIRA DO NASCIMENTO, para o&nbsp;cargo de Agente Cultural da Funda\u00e7\u00e3o&nbsp;de Cultura e Turismo, com efeitos retroativos a 01.09.2017.<\/div>\n<div style=\"text-align: justify;\">\n<\/div>\n<div style=\"text-align: justify;\">\nNomeado ANT\u00d4NIO DE VER\u00c7OSA COELHO NETO, para o cargo&nbsp;de Coordenador de Cinema, V\u00eddeo e Fotografia&nbsp; da&nbsp;Funda\u00e7\u00e3o de Cultura e Turismo, com efeitos retroativos a 01.09.2017.<\/div>\n<div style=\"text-align: justify;\">\n<\/div>\n<div style=\"text-align: justify;\">\nNomeado EDMILSON RODRIGUES DE FREITAS, para o cargo&nbsp;de Encarregado do Setor da Funda\u00e7\u00e3o de&nbsp;Cultura e Turismo, com efeitos retroativos a 01.09.2017.<\/div>\n<div style=\"text-align: justify;\">\n<\/div>\n<div style=\"text-align: justify;\">\nNomeada VIT\u00d3RIA TORRES MELO, para o cargo de&nbsp;Coordenador de Dan\u00e7as da Funda\u00e7\u00e3o de Cultura e&nbsp;Turismo, com efeitos retroativos a 01.09.2017.<\/div>\n<div style=\"text-align: justify;\">\n<\/div>\n<div style=\"text-align: justify;\">\nNomeado ROSSEANO EVALDO VASCONCELOS, para o cargo&nbsp;de Assessor T\u00e9cnico da Funda\u00e7\u00e3o de&nbsp;Cultura e Turismo, com efeitos retroativos a 01.09.2017.<\/div>\n<div style=\"text-align: justify;\">\n<\/div>\n<div style=\"text-align: justify;\">\nNomeada JOSINA MARIA DA SILVA, para o cargo de&nbsp;Coordenador de Artes C\u00eanicas da Funda\u00e7\u00e3o de&nbsp;Cultura e Turismo, com efeitos retroativos a 01.09.2017.<\/div>\n<div style=\"text-align: justify;\">\n<\/div>\n<div style=\"text-align: justify;\">\nNomeada KALLINY CIBELLE GOMES SANTOS, para o cargo&nbsp;de Diretor de Documenta\u00e7\u00e3o e Patrim\u00f4nio Cultural da&nbsp;Funda\u00e7\u00e3o de Cultura e Turismo, com efeitos retroativos a<\/div>\n<div style=\"text-align: justify;\">\n01.09.2017.<\/div>\n<div style=\"text-align: justify;\">\n<\/div>\n<div style=\"text-align: justify;\">\nNomeada REGINA L\u00daCIA DE OLIVEIRA CAVALCANTE, para o cargo&nbsp;de ASSESSOR T\u00c9CNICO da&nbsp;Funda\u00e7\u00e3o de Cultura e Turismo, com efeitos retroativos a 01.09.2017.<\/div>\n<div style=\"text-align: justify;\">\n<\/div>\n<div style=\"text-align: justify;\">\nExonerada SHARLENE NEUMA HENRIQUE DA SILVA, do cargo de Coordenador 1&nbsp;da Secretaria de Planejamento, Or\u00e7amento e Gest\u00e3o, com efeitos retroativos&nbsp;a 14.09.2017.<\/div>\n<div style=\"text-align: justify;\">\n<\/div>\n<div style=\"text-align: justify;\">\nExonerado WOLNEY HENRIQUE QUEIROZ FREITAS, do cargo&nbsp;de Coordenador 1 da Secretaria de&nbsp;Administra\u00e7\u00e3o, com efeitos retroativos a 13.09.2017.<\/div>\n<div style=\"text-align: justify;\">\n<\/div>\n<div style=\"text-align: justify;\">\nExonerado ALYSON DE LUNA BARROS, do cargo&nbsp;de Assessor T\u00e9cnico da Secretaria de Administra\u00e7\u00e3o, com&nbsp;efeitos retroativos a 30.09.2017.<\/div>\n<div style=\"text-align: justify;\">\n<\/div>\n<div style=\"text-align: justify;\">\nExonerada a pedido, JOSEFA WILDIMERY CARVALHO PIO<\/div>\n<div style=\"text-align: justify;\">\nPACHECO, do cargo de Coordena\u00e7\u00e3o 1&nbsp;da Secretaria de Administra\u00e7\u00e3o, com efeitos a parti de&nbsp;29.09.2017.<\/div>\n<div style=\"text-align: justify;\">\n<\/div>\n<div style=\"text-align: justify;\">\nExonerado WELSON LUIZ DA COSTA SANTOS,&nbsp;do cargo de Secret\u00e1rio Executivo da&nbsp;Secretaria de Educa\u00e7\u00e3o, com efeitos retroativos a 15.09.2017 (not\u00edcia divulgada com bastante anteced\u00eancia, e com exclusividade, pelo Blog do Edvaldo Magalh\u00e3es).<\/div>\n<div style=\"text-align: justify;\">\n<\/div>\n<div style=\"text-align: justify;\">\nNomeada MARJONY BARROS CAMELO, para o cargo em comiss\u00e3o de Secret\u00e1rio Executivo da&nbsp;Secretaria de Educa\u00e7\u00e3o, com efeitos retroativos a 18.09.2017.<\/div>\n<div style=\"text-align: justify;\">\n<\/div>\n<div style=\"text-align: justify;\">\nExonerado JOS\u00c9 SEVERIANO VIEIRA AQUINO,&nbsp;do cargo de Coordenador 1 da Secretaria&nbsp;de Servi\u00e7os P\u00fablicos, com efeitos retroativos a 01.10.2017.<\/div>\n<div style=\"text-align: justify;\">\n<\/div>\n<div style=\"text-align: justify;\">\nExonerada J\u00c9SSICA LARISSA SILVA,&nbsp; do cargo&nbsp;de Ger\u00eancia 1 da Secretaria de Servi\u00e7os&nbsp;P\u00fablicos, com efeitos a partir de 01.10.2017 (foi mias um furo de reportagem do Blog do Edvaldo Magalh\u00e3es).<\/div>\n","protected":false},"excerpt":{"rendered":"<p>As nomea\u00e7\u00f5es e exonera\u00e7\u00f5es foram publicadas no Di\u00e1rio Oficial Municipal da Prefeitura de Caruaru, nessa ter\u00e7a-feira (03). Confira abaixo: Exonerada&hellip;<\/p>\n","protected":false},"author":1,"featured_media":0,"comment_status":"open","ping_status":"open","sticky":false,"template":"","format":"standard","meta":{"footnotes":""},"categories":[1],"tags":[2,5567,3114,20],"class_list":["post-4457","post","type-post","status-publish","format-standard","hentry","category-sem-categoria","tag-blog-do-edvaldo-magalhaes","tag-confira-as-ultimas-nomeacoes-e-exoneracoes-na-prefeitura-de-caruaru","tag-noticias-da-politica-de-caruaru","tag-politica"],"_links":{"self":[{"href":"https:\/\/blogdoedvaldomagalhaes.com.br\/index.php\/wp-json\/wp\/v2\/posts\/4457","targetHints":{"allow":["GET"]}}],"collection":[{"href":"https:\/\/blogdoedvaldomagalhaes.com.br\/index.php\/wp-json\/wp\/v2\/posts"}],"about":[{"href":"https:\/\/blogdoedvaldomagalhaes.com.br\/index.php\/wp-json\/wp\/v2\/types\/post"}],"author":[{"embeddable":true,"href":"https:\/\/blogdoedvaldomagalhaes.com.br\/index.php\/wp-json\/wp\/v2\/users\/1"}],"replies":[{"embeddable":true,"href":"https:\/\/blogdoedvaldomagalhaes.com.br\/index.php\/wp-json\/wp\/v2\/comments?post=4457"}],"version-history":[{"count":1,"href":"https:\/\/blogdoedvaldomagalhaes.com.br\/index.php\/wp-json\/wp\/v2\/posts\/4457\/revisions"}],"predecessor-version":[{"id":24850,"href":"https:\/\/blogdoedvaldomagalhaes.com.br\/index.php\/wp-json\/wp\/v2\/posts\/4457\/revisions\/24850"}],"wp:attachment":[{"href":"https:\/\/blogdoedvaldomagalhaes.com.br\/index.php\/wp-json\/wp\/v2\/media?parent=4457"}],"wp:term":[{"taxonomy":"category","embeddable":true,"href":"https:\/\/blogdoedvaldomagalhaes.com.br\/index.php\/wp-json\/wp\/v2\/categories?post=4457"},{"taxonomy":"post_tag","embeddable":true,"href":"https:\/\/blogdoedvaldomagalhaes.com.br\/index.php\/wp-json\/wp\/v2\/tags?post=4457"}],"curies":[{"name":"wp","href":"https:\/\/api.w.org\/{rel}","templated":true}]}}