{"id":4456,"date":"2017-10-05T10:37:00","date_gmt":"2017-10-05T13:37:00","guid":{"rendered":"http:\/\/blogdoedvaldomagalhaes.com.br\/index.php\/2017\/10\/05\/caruaru-sedia-o-66-encontro-de\/"},"modified":"2019-02-09T01:46:52","modified_gmt":"2019-02-09T03:46:52","slug":"caruaru-sedia-o-66-encontro-de","status":"publish","type":"post","link":"https:\/\/blogdoedvaldomagalhaes.com.br\/index.php\/2017\/10\/05\/caruaru-sedia-o-66-encontro-de\/","title":{"rendered":"Caruaru sedia o 66\u00ba Encontro de Secretarias Municipais de Sa\u00fade de Pernambuco"},"content":{"rendered":"<div class=\"separator\" style=\"clear: both; text-align: center;\">\n<a href=\"https:\/\/3.bp.blogspot.com\/-Q1hGbrV40ww\/WdYK-__y4BI\/AAAAAAAAgd4\/o4tISK7RdF8_O55uHelmxDdStLXwBJNwACLcBGAs\/s1600\/hmv.jpg\" imageanchor=\"1\" style=\"margin-left: 1em; margin-right: 1em;\"><img loading=\"lazy\" decoding=\"async\" border=\"0\" data-original-height=\"230\" data-original-width=\"470\" height=\"195\" src=\"http:\/\/blogdoedvaldomagalhaes.com.br\/wp-content\/uploads\/2017\/10\/hmv.jpg\" width=\"400\" \/><\/a><\/div>\n<div class=\"MsoNormal\" style=\"background: white; line-height: normal; margin-bottom: .0001pt; margin-bottom: 0cm; text-align: justify;\">\n<\/div>\n<div class=\"MsoNormal\" style=\"background: white; line-height: normal; margin-bottom: .0001pt; margin-bottom: 0cm; text-align: justify;\">\nO Conselho de Secretarias Municipais<br \/>\nde Pernambuco completa 30 anos de funda\u00e7\u00e3o e escolheu a cidade de Caruaru para<br \/>\nrealizar o seu 66\u00ba Encontro e a Assembleia Geral. A escolha n\u00e3o \u00e9 por acaso.<br \/>\nCaruaru sediou o 1\u00ba encontro, que come\u00e7ou pequeno e hoje \u00e9 o maior evento de<br \/>\nsa\u00fade p\u00fablica de Pernambuco, reunindo secret\u00e1rios e secret\u00e1rias municipais e<br \/>\nt\u00e9cnicos dos 184 munic\u00edpios pernambucanos e do Distrito de Fernando de Noronha.<br \/>\nO evento acontece entre os dias 4 e 6 de setembro, no audit\u00f3rio do Senac<br \/>\nCaruaru que fica na Avenida Maria Jos\u00e9 Lyra, 140, Indian\u00f3polis. A entrada \u00e9<br \/>\ngratuita.<\/div>\n<div class=\"MsoNormal\" style=\"background: white; line-height: normal; margin-bottom: .0001pt; margin-bottom: 0cm; text-align: justify;\">\n<\/div>\n<div class=\"MsoNormal\" style=\"background: white; line-height: normal; margin-bottom: .0001pt; margin-bottom: 0cm; text-align: justify;\">\nNa abertura oficial, que ocorrer\u00e1<br \/>\nnesta quinta-feira (05), estar\u00e3o presentes o presidente do Conselho Nacional<br \/>\ndas Secretarias Municipais de Sa\u00fade (CONASEMES), Mauro Junqueira e o Presidente<br \/>\ndo Conselho de Secretarias Municipais de Pernambuco (COSEMS), Orlando Jorge.<\/div>\n<div class=\"MsoNormal\" style=\"background: white; line-height: normal; margin-bottom: .0001pt; margin-bottom: 0cm; text-align: justify;\">\n<\/div>\n<div class=\"MsoNormal\" style=\"background: white; line-height: normal; margin-bottom: .0001pt; margin-bottom: 0cm; text-align: justify;\">\nAs discuss\u00f5es do encontro girar\u00e3o em<br \/>\ntorno da gest\u00e3o e pol\u00edticas p\u00fablicas par a sa\u00fade, com temas relevantes como a<br \/>\n\u201cCrise Pol\u00edtica e Econ\u00f4mica, Ajuste Fiscal, EC 95: Repercuss\u00e3o para o SUS; a<br \/>\nRegionaliza\u00e7\u00e3o dos SUS; Pol\u00edtica Nacional de Aten\u00e7\u00e3o B\u00e1sica \u2013 Pnab e<br \/>\nFinanciamento\u201d.<\/div>\n<div class=\"MsoNormal\" style=\"background: white; line-height: normal; margin-bottom: .0001pt; margin-bottom: 0cm; text-align: justify;\">\n<\/div>\n<p><\/p>\n<div class=\"MsoNormal\" style=\"background: white; line-height: normal; margin-bottom: .0001pt; margin-bottom: 0cm; text-align: justify;\">\nEstar\u00e3o tamb\u00e9m presentes no evento<br \/>\nrepresentantes do Minist\u00e9rio da Sa\u00fade, Secretaria Estadual de Sa\u00fade, FIOCRUZ e<br \/>\nAMUPE.<\/div>\n","protected":false},"excerpt":{"rendered":"<p>O Conselho de Secretarias Municipais de Pernambuco completa 30 anos de funda\u00e7\u00e3o e escolheu a cidade de Caruaru para realizar&hellip;<\/p>\n","protected":false},"author":1,"featured_media":0,"comment_status":"open","ping_status":"open","sticky":false,"template":"","format":"standard","meta":{"footnotes":""},"categories":[1],"tags":[5376,2,5563,5564,5565,5566,6],"class_list":["post-4456","post","type-post","status-publish","format-standard","hentry","category-sem-categoria","tag-amupe","tag-blog-do-edvaldo-magalhaes","tag-caruaru-sedia-o-66o-encontro-de-secretarias-municipais-de-saude-de-pernambuco","tag-conasemes","tag-cosems","tag-fiocruz","tag-noticias"],"_links":{"self":[{"href":"https:\/\/blogdoedvaldomagalhaes.com.br\/index.php\/wp-json\/wp\/v2\/posts\/4456","targetHints":{"allow":["GET"]}}],"collection":[{"href":"https:\/\/blogdoedvaldomagalhaes.com.br\/index.php\/wp-json\/wp\/v2\/posts"}],"about":[{"href":"https:\/\/blogdoedvaldomagalhaes.com.br\/index.php\/wp-json\/wp\/v2\/types\/post"}],"author":[{"embeddable":true,"href":"https:\/\/blogdoedvaldomagalhaes.com.br\/index.php\/wp-json\/wp\/v2\/users\/1"}],"replies":[{"embeddable":true,"href":"https:\/\/blogdoedvaldomagalhaes.com.br\/index.php\/wp-json\/wp\/v2\/comments?post=4456"}],"version-history":[{"count":1,"href":"https:\/\/blogdoedvaldomagalhaes.com.br\/index.php\/wp-json\/wp\/v2\/posts\/4456\/revisions"}],"predecessor-version":[{"id":24852,"href":"https:\/\/blogdoedvaldomagalhaes.com.br\/index.php\/wp-json\/wp\/v2\/posts\/4456\/revisions\/24852"}],"wp:attachment":[{"href":"https:\/\/blogdoedvaldomagalhaes.com.br\/index.php\/wp-json\/wp\/v2\/media?parent=4456"}],"wp:term":[{"taxonomy":"category","embeddable":true,"href":"https:\/\/blogdoedvaldomagalhaes.com.br\/index.php\/wp-json\/wp\/v2\/categories?post=4456"},{"taxonomy":"post_tag","embeddable":true,"href":"https:\/\/blogdoedvaldomagalhaes.com.br\/index.php\/wp-json\/wp\/v2\/tags?post=4456"}],"curies":[{"name":"wp","href":"https:\/\/api.w.org\/{rel}","templated":true}]}}