{"id":4455,"date":"2017-10-05T10:40:00","date_gmt":"2017-10-05T13:40:00","guid":{"rendered":"http:\/\/blogdoedvaldomagalhaes.com.br\/index.php\/2017\/10\/05\/oficina-de-mascaras-para-criancas-co\/"},"modified":"2019-02-09T01:46:52","modified_gmt":"2019-02-09T03:46:52","slug":"oficina-de-mascaras-para-criancas-co","status":"publish","type":"post","link":"https:\/\/blogdoedvaldomagalhaes.com.br\/index.php\/2017\/10\/05\/oficina-de-mascaras-para-criancas-co\/","title":{"rendered":"Oficina de M\u00e1scaras para crian\u00e7as com inscri\u00e7\u00f5es gratuitas abertas"},"content":{"rendered":"<div class=\"separator\" style=\"clear: both; text-align: center;\">\n<a href=\"https:\/\/2.bp.blogspot.com\/-8fkpgylPr_s\/WdYLqVutnPI\/AAAAAAAAgeA\/zdc6BJJvtgEtI2FrMU3y-qYqt7hmTS9lwCLcBGAs\/s1600\/FOTO.png\" imageanchor=\"1\" style=\"margin-left: 1em; margin-right: 1em;\"><img loading=\"lazy\" decoding=\"async\" border=\"0\" data-original-height=\"937\" data-original-width=\"1323\" height=\"282\" src=\"http:\/\/blogdoedvaldomagalhaes.com.br\/wp-content\/uploads\/2017\/10\/FOTO.png\" width=\"400\" \/><\/a><\/div>\n<div style=\"background: white; margin-bottom: .0001pt; margin: 0cm; text-align: justify;\">\n<\/div>\n<div style=\"background: white; margin-bottom: .0001pt; margin: 0cm; text-align: justify;\">\nEm<br \/>\ncomemora\u00e7\u00e3o a semana da crian\u00e7a, o&nbsp;<b>XIX FESTEC &#8211;&nbsp;Festival de<br \/>\nEsquetes Teatrais de Caruaru<\/b>, por meio do seu realizador J\u00f4<br \/>\nAlbuquerque,&nbsp;promove uma Oficina de Produ\u00e7\u00e3o de M\u00e1scaras.&nbsp;O<br \/>\np\u00fablico-alvo s\u00e3o crian\u00e7as de 06 a 12 anos, residentes em Caruaru.&nbsp;<\/div>\n<div style=\"background: white; margin: 0cm 0cm 0.0001pt;\">\n<\/div>\n<div style=\"background: white; margin: 0cm 0cm 0.0001pt;\">\nA oficina realizada pelos<br \/>\narte-educadores T\u00falio Beat e Paulo Concei\u00e7\u00e3o (Cia Bacurau Cultural)&nbsp;ter\u00e1&nbsp;dura\u00e7\u00e3o<br \/>\nde 06 horas e ser\u00e1 realizada no dia&nbsp;<b>14\/10&nbsp;<\/b>no&nbsp;<b>Teatro<br \/>\nJo\u00e3o Lyra<\/b>. A inscri\u00e7\u00e3o dever\u00e1 ser realizada pelo e-mail&nbsp;<b><a href=\"mailto:bacuraucult@gmail.com\" target=\"_blank\">bacuraucult@gmail.com<\/a><\/b>.<br \/>\nOs selecionados ser\u00e3o informados por e-mail.<\/div>\n<div style=\"background: white; margin: 0cm 0cm 0.0001pt;\">\n<\/div>\n<p><\/p>\n<div style=\"background: white; margin: 0cm 0cm 0.0001pt;\">\nOs participantes que desejarem,<br \/>\npoder\u00e3o doar&nbsp;<b>01 quilo de alimento n\u00e3o perec\u00edvel<\/b>&nbsp;que<br \/>\nser\u00e3o&nbsp;entregues as fam\u00edlias carentes da cidade.<\/div>\n","protected":false},"excerpt":{"rendered":"<p>Em comemora\u00e7\u00e3o a semana da crian\u00e7a, o&nbsp;XIX FESTEC &#8211;&nbsp;Festival de Esquetes Teatrais de Caruaru, por meio do seu realizador J\u00f4&hellip;<\/p>\n","protected":false},"author":1,"featured_media":0,"comment_status":"open","ping_status":"open","sticky":false,"template":"","format":"standard","meta":{"footnotes":""},"categories":[1],"tags":[2,5560,5561,6,5562],"class_list":["post-4455","post","type-post","status-publish","format-standard","hentry","category-sem-categoria","tag-blog-do-edvaldo-magalhaes","tag-festec","tag-jo-albuquerque","tag-noticias","tag-oficina-de-mascaras-para-criancas-com-inscricoes-gratuitas-abertas"],"_links":{"self":[{"href":"https:\/\/blogdoedvaldomagalhaes.com.br\/index.php\/wp-json\/wp\/v2\/posts\/4455","targetHints":{"allow":["GET"]}}],"collection":[{"href":"https:\/\/blogdoedvaldomagalhaes.com.br\/index.php\/wp-json\/wp\/v2\/posts"}],"about":[{"href":"https:\/\/blogdoedvaldomagalhaes.com.br\/index.php\/wp-json\/wp\/v2\/types\/post"}],"author":[{"embeddable":true,"href":"https:\/\/blogdoedvaldomagalhaes.com.br\/index.php\/wp-json\/wp\/v2\/users\/1"}],"replies":[{"embeddable":true,"href":"https:\/\/blogdoedvaldomagalhaes.com.br\/index.php\/wp-json\/wp\/v2\/comments?post=4455"}],"version-history":[{"count":1,"href":"https:\/\/blogdoedvaldomagalhaes.com.br\/index.php\/wp-json\/wp\/v2\/posts\/4455\/revisions"}],"predecessor-version":[{"id":24854,"href":"https:\/\/blogdoedvaldomagalhaes.com.br\/index.php\/wp-json\/wp\/v2\/posts\/4455\/revisions\/24854"}],"wp:attachment":[{"href":"https:\/\/blogdoedvaldomagalhaes.com.br\/index.php\/wp-json\/wp\/v2\/media?parent=4455"}],"wp:term":[{"taxonomy":"category","embeddable":true,"href":"https:\/\/blogdoedvaldomagalhaes.com.br\/index.php\/wp-json\/wp\/v2\/categories?post=4455"},{"taxonomy":"post_tag","embeddable":true,"href":"https:\/\/blogdoedvaldomagalhaes.com.br\/index.php\/wp-json\/wp\/v2\/tags?post=4455"}],"curies":[{"name":"wp","href":"https:\/\/api.w.org\/{rel}","templated":true}]}}