{"id":4454,"date":"2017-10-05T10:44:00","date_gmt":"2017-10-05T13:44:00","guid":{"rendered":"http:\/\/blogdoedvaldomagalhaes.com.br\/index.php\/2017\/10\/05\/registrados-8-assaltos-e-7-homicidios\/"},"modified":"2019-02-09T01:46:52","modified_gmt":"2019-02-09T03:46:52","slug":"registrados-8-assaltos-e-7-homicidios","status":"publish","type":"post","link":"https:\/\/blogdoedvaldomagalhaes.com.br\/index.php\/2017\/10\/05\/registrados-8-assaltos-e-7-homicidios\/","title":{"rendered":"Registrados 8 assaltos e 7 homic\u00eddios nas \u00faltimas 24 horas em Pernambuco"},"content":{"rendered":"<div class=\"separator\" style=\"clear: both; text-align: center;\">\n<a href=\"https:\/\/4.bp.blogspot.com\/-g3mXsJlLyCY\/WdYNE43ROLI\/AAAAAAAAgeM\/VX9dI8KUKxABqa90z3oVxT2EwtiwjHfpgCLcBGAs\/s1600\/isso.jpg\" imageanchor=\"1\" style=\"margin-left: 1em; margin-right: 1em;\"><img loading=\"lazy\" decoding=\"async\" border=\"0\" data-original-height=\"412\" data-original-width=\"620\" height=\"265\" src=\"http:\/\/blogdoedvaldomagalhaes.com.br\/wp-content\/uploads\/2017\/10\/isso.jpg\" width=\"400\" \/><\/a><\/div>\n<div style=\"background: white; line-height: 18.0pt; margin-bottom: 7.5pt; margin-left: 0cm; margin-right: 0cm; margin-top: 0cm; text-align: justify;\">\n<\/div>\n<div style=\"background: white; line-height: 18.0pt; margin-bottom: 7.5pt; margin-left: 0cm; margin-right: 0cm; margin-top: 0cm; text-align: justify;\">\nO Sindicato dos<br \/>\nRodovi\u00e1rios de Pernambuco registrou 8 assaltos a \u00f4nibus nas \u00faltimas 24 horas na<br \/>\nRegi\u00e3o Metropolitana do Recife. Em setembro, contabilizados 39 assaltos e no<br \/>\nano 3.025.<\/div>\n<p><\/p>\n<div style=\"background: white; box-sizing: border-box; line-height: 18pt; margin: 0cm 0cm 7.5pt; text-align: justify;\">\nSete pessoas foram assassinadas em Pernambuco, nas \u00faltimas 24<br \/>\nhoras, sendo 4 no interior e 3 na Regi\u00e3o Metropolitana. Este ano, o n\u00famero de<br \/>\nhomic\u00eddios no Estado j\u00e1 chegou a 4.104, sendo 2.164 no interior e 1.940 no<br \/>\nGrande Recife.<\/div>\n<div style=\"background: white; box-sizing: border-box; line-height: 18pt; margin: 0cm 0cm 7.5pt; text-align: justify;\">\nFonte: R\u00e1dio Liberdade.<\/div>\n","protected":false},"excerpt":{"rendered":"<p>O Sindicato dos Rodovi\u00e1rios de Pernambuco registrou 8 assaltos a \u00f4nibus nas \u00faltimas 24 horas na Regi\u00e3o Metropolitana do Recife.&hellip;<\/p>\n","protected":false},"author":1,"featured_media":0,"comment_status":"open","ping_status":"open","sticky":false,"template":"","format":"standard","meta":{"footnotes":""},"categories":[1],"tags":[2,13,5559],"class_list":["post-4454","post","type-post","status-publish","format-standard","hentry","category-sem-categoria","tag-blog-do-edvaldo-magalhaes","tag-policial","tag-registrados-8-assaltos-e-7-homicidios-nas-ultimas-24-horas-em-pernambuco"],"_links":{"self":[{"href":"https:\/\/blogdoedvaldomagalhaes.com.br\/index.php\/wp-json\/wp\/v2\/posts\/4454","targetHints":{"allow":["GET"]}}],"collection":[{"href":"https:\/\/blogdoedvaldomagalhaes.com.br\/index.php\/wp-json\/wp\/v2\/posts"}],"about":[{"href":"https:\/\/blogdoedvaldomagalhaes.com.br\/index.php\/wp-json\/wp\/v2\/types\/post"}],"author":[{"embeddable":true,"href":"https:\/\/blogdoedvaldomagalhaes.com.br\/index.php\/wp-json\/wp\/v2\/users\/1"}],"replies":[{"embeddable":true,"href":"https:\/\/blogdoedvaldomagalhaes.com.br\/index.php\/wp-json\/wp\/v2\/comments?post=4454"}],"version-history":[{"count":1,"href":"https:\/\/blogdoedvaldomagalhaes.com.br\/index.php\/wp-json\/wp\/v2\/posts\/4454\/revisions"}],"predecessor-version":[{"id":24856,"href":"https:\/\/blogdoedvaldomagalhaes.com.br\/index.php\/wp-json\/wp\/v2\/posts\/4454\/revisions\/24856"}],"wp:attachment":[{"href":"https:\/\/blogdoedvaldomagalhaes.com.br\/index.php\/wp-json\/wp\/v2\/media?parent=4454"}],"wp:term":[{"taxonomy":"category","embeddable":true,"href":"https:\/\/blogdoedvaldomagalhaes.com.br\/index.php\/wp-json\/wp\/v2\/categories?post=4454"},{"taxonomy":"post_tag","embeddable":true,"href":"https:\/\/blogdoedvaldomagalhaes.com.br\/index.php\/wp-json\/wp\/v2\/tags?post=4454"}],"curies":[{"name":"wp","href":"https:\/\/api.w.org\/{rel}","templated":true}]}}