{"id":4453,"date":"2017-10-05T10:50:00","date_gmt":"2017-10-05T13:50:00","guid":{"rendered":"http:\/\/blogdoedvaldomagalhaes.com.br\/index.php\/2017\/10\/05\/policia-civil-realiza-operacao-e-4\/"},"modified":"2019-02-09T01:46:53","modified_gmt":"2019-02-09T03:46:53","slug":"policia-civil-realiza-operacao-e-4","status":"publish","type":"post","link":"https:\/\/blogdoedvaldomagalhaes.com.br\/index.php\/2017\/10\/05\/policia-civil-realiza-operacao-e-4\/","title":{"rendered":"Pol\u00edcia Civil realiza opera\u00e7\u00e3o em Caruaru para cumprir mandados de busca e apreens\u00e3o"},"content":{"rendered":"<div class=\"separator\" style=\"clear: both; text-align: center;\">\n<a href=\"https:\/\/2.bp.blogspot.com\/-hwQp2Ac8_sM\/WdYOPCFRrFI\/AAAAAAAAgeU\/jLU8uK36EpMk3HuygWRpJWagHqKXOS4DgCLcBGAs\/s1600\/denarc.jpg\" imageanchor=\"1\" style=\"margin-left: 1em; margin-right: 1em;\"><img loading=\"lazy\" decoding=\"async\" border=\"0\" data-original-height=\"413\" data-original-width=\"620\" height=\"266\" src=\"http:\/\/blogdoedvaldomagalhaes.com.br\/wp-content\/uploads\/2017\/10\/denarc.jpg\" width=\"400\" \/><\/a><\/div>\n<div class=\"separator\" style=\"clear: both; text-align: center;\">\nFoto ilustrativa<\/div>\n<div style=\"background: white; line-height: 18.0pt; margin-bottom: 7.5pt; margin-left: 0cm; margin-right: 0cm; margin-top: 0cm; text-align: justify;\">\n<\/div>\n<div style=\"background: white; line-height: 18.0pt; margin-bottom: 7.5pt; margin-left: 0cm; margin-right: 0cm; margin-top: 0cm; text-align: justify;\">\nA Pol\u00edcia Civil deflagrou<br \/>\numa opera\u00e7\u00e3o na manh\u00e3 desta quinta-feira (05), em Caruaru, Agreste<br \/>\npernambucano. A a\u00e7\u00e3o foi coordenada pela Delegacia do Denarc, instalada 30 dias<br \/>\nna cidade, para investigar crimes ligados com o tr\u00e1fico de entorpecente.<\/div>\n<div style=\"background: white; box-sizing: border-box; line-height: 18pt; margin: 0cm 0cm 7.5pt; text-align: justify;\">\nForam cumpridos seis mandados de busca e apreens\u00e3o. As pessoas<br \/>\ndetidas foram levadas para a 1\u00aa Delegacia. A opera\u00e7\u00e3o foi realizada nas<br \/>\nencostas do Monte Bom Jesus.<\/div>\n<p><\/p>\n<div style=\"background: white; box-sizing: border-box; line-height: 18pt; margin: 0cm 0cm 7.5pt; text-align: justify;\">\nDe acordo com a Pol\u00edcia Civil, as investiga\u00e7\u00f5es v\u00e3o continuar e<br \/>\nser\u00e3o realizadas outras a\u00e7\u00f5es preventivas, buscas e pris\u00f5es.<\/div>\n","protected":false},"excerpt":{"rendered":"<p>Foto ilustrativa A Pol\u00edcia Civil deflagrou uma opera\u00e7\u00e3o na manh\u00e3 desta quinta-feira (05), em Caruaru, Agreste pernambucano. A a\u00e7\u00e3o foi&hellip;<\/p>\n","protected":false},"author":1,"featured_media":0,"comment_status":"open","ping_status":"open","sticky":false,"template":"","format":"standard","meta":{"footnotes":""},"categories":[1],"tags":[2,5557,3955,3186,5558,13],"class_list":["post-4453","post","type-post","status-publish","format-standard","hentry","category-sem-categoria","tag-blog-do-edvaldo-magalhaes","tag-denarc","tag-monte-bom-jesus","tag-noticias-policiais-de-caruaru","tag-policia-civil-realiza-operacao-em-caruaru-para-cumprir-mandados-de-busca-e-apreensao","tag-policial"],"_links":{"self":[{"href":"https:\/\/blogdoedvaldomagalhaes.com.br\/index.php\/wp-json\/wp\/v2\/posts\/4453","targetHints":{"allow":["GET"]}}],"collection":[{"href":"https:\/\/blogdoedvaldomagalhaes.com.br\/index.php\/wp-json\/wp\/v2\/posts"}],"about":[{"href":"https:\/\/blogdoedvaldomagalhaes.com.br\/index.php\/wp-json\/wp\/v2\/types\/post"}],"author":[{"embeddable":true,"href":"https:\/\/blogdoedvaldomagalhaes.com.br\/index.php\/wp-json\/wp\/v2\/users\/1"}],"replies":[{"embeddable":true,"href":"https:\/\/blogdoedvaldomagalhaes.com.br\/index.php\/wp-json\/wp\/v2\/comments?post=4453"}],"version-history":[{"count":1,"href":"https:\/\/blogdoedvaldomagalhaes.com.br\/index.php\/wp-json\/wp\/v2\/posts\/4453\/revisions"}],"predecessor-version":[{"id":24858,"href":"https:\/\/blogdoedvaldomagalhaes.com.br\/index.php\/wp-json\/wp\/v2\/posts\/4453\/revisions\/24858"}],"wp:attachment":[{"href":"https:\/\/blogdoedvaldomagalhaes.com.br\/index.php\/wp-json\/wp\/v2\/media?parent=4453"}],"wp:term":[{"taxonomy":"category","embeddable":true,"href":"https:\/\/blogdoedvaldomagalhaes.com.br\/index.php\/wp-json\/wp\/v2\/categories?post=4453"},{"taxonomy":"post_tag","embeddable":true,"href":"https:\/\/blogdoedvaldomagalhaes.com.br\/index.php\/wp-json\/wp\/v2\/tags?post=4453"}],"curies":[{"name":"wp","href":"https:\/\/api.w.org\/{rel}","templated":true}]}}