{"id":4452,"date":"2017-10-05T15:32:00","date_gmt":"2017-10-05T18:32:00","guid":{"rendered":"http:\/\/blogdoedvaldomagalhaes.com.br\/index.php\/2017\/10\/05\/asces-unita-divulga-datas-do-vestibular\/"},"modified":"2019-02-09T01:46:53","modified_gmt":"2019-02-09T03:46:53","slug":"asces-unita-divulga-datas-do-vestibular","status":"publish","type":"post","link":"https:\/\/blogdoedvaldomagalhaes.com.br\/index.php\/2017\/10\/05\/asces-unita-divulga-datas-do-vestibular\/","title":{"rendered":"Asces-Unita divulga datas do Vestibular 2018"},"content":{"rendered":"<div class=\"separator\" style=\"clear: both; text-align: center;\">\n<a href=\"https:\/\/1.bp.blogspot.com\/-N6uv5pQYTDs\/WdZQl-MqQLI\/AAAAAAAAghU\/es9bCWh0qIMkCDWEufB-qL2ha47-52blwCLcBGAs\/s1600\/asces.jpg\" imageanchor=\"1\" style=\"margin-left: 1em; margin-right: 1em;\"><img loading=\"lazy\" decoding=\"async\" border=\"0\" data-original-height=\"169\" data-original-width=\"300\" height=\"225\" src=\"http:\/\/blogdoedvaldomagalhaes.com.br\/wp-content\/uploads\/2017\/10\/asces.jpg\" width=\"400\" \/><\/a><\/div>\n<div style=\"background: white; line-height: 18.0pt; margin-bottom: 7.5pt; margin-left: 0cm; margin-right: 0cm; margin-top: 0cm; text-align: justify;\">\n<\/div>\n<div style=\"background: white; line-height: 18.0pt; margin-bottom: 7.5pt; margin-left: 0cm; margin-right: 0cm; margin-top: 0cm; text-align: justify;\">\nQuem pretende fazer o<br \/>\nVestibular da Asces-Unita 2018, j\u00e1 pode ir organizando a agenda. As principais<br \/>\ndatas do processo est\u00e3o dispon\u00edveis.<\/div>\n<div style=\"background: white; box-sizing: border-box; line-height: 18pt; margin: 0cm 0cm 7.5pt; text-align: justify;\">\nAs inscri\u00e7\u00f5es poder\u00e3o ser realizadas de 23 deste m\u00eas a 22 de<br \/>\nnovembro, por meio do site&nbsp;<strong style=\"box-sizing: border-box;\"><a href=\"http:\/\/www.curseltec.com.br\/asces\" style=\"box-sizing: border-box; transition: 0.3s;\">www.curseltec.com.br\/asces<\/a><\/strong>. O boleto dever\u00e1<br \/>\nser pago na rede banc\u00e1ria ou casas lot\u00e9ricas. Os feras poder\u00e3o aproveitar o<br \/>\nvalor promocional da taxa de inscri\u00e7\u00e3o, que custar\u00e1 80 reais no per\u00edodo 23 de<br \/>\noutubro a 03 de novembro. Ap\u00f3s este prazo custar\u00e1 120 reais.<\/div>\n<div style=\"background: white; box-sizing: border-box; line-height: 18pt; margin: 0cm 0cm 7.5pt; text-align: justify;\">\nA data das provas est\u00e1 marcada para o dia 26 de novembro, das<br \/>\n13h30 \u00e0s 18h. O resultado do vestibular ser\u00e1 divulgado at\u00e9 o dia 1\u00ba de<br \/>\ndezembro, no Campus II da Asces-Unita, no portal da institui\u00e7\u00e3o e no site da<br \/>\nCurseltec (<a href=\"http:\/\/www.curseltec.com.br\/asces\" style=\"box-sizing: border-box; transition: 0.3s;\">www.curseltec.com.br\/asces<\/a>).<\/div>\n<p><\/p>\n<div style=\"background: white; box-sizing: border-box; line-height: 18pt; margin: 0cm 0cm 7.5pt; text-align: justify;\">\nA novidade desta edi\u00e7\u00e3o ser\u00e1 o aumento de vagas para os cursos de<br \/>\nDireito e Enfermagem, ap\u00f3s autoriza\u00e7\u00e3o do MEC para essa amplia\u00e7\u00e3o. A<br \/>\nAsces-Unita \u00e9 pioneira no ensino superior do interior do Norte\/Nordeste, e hoje<br \/>\nconta com 18 cursos de gradua\u00e7\u00e3o, mais de 30 p\u00f3s-gradua\u00e7\u00f5es e diversos projetos<br \/>\nde extens\u00e3o e pesquisa universit\u00e1ria.<\/div>\n","protected":false},"excerpt":{"rendered":"<p>Quem pretende fazer o Vestibular da Asces-Unita 2018, j\u00e1 pode ir organizando a agenda. As principais datas do processo est\u00e3o&hellip;<\/p>\n","protected":false},"author":1,"featured_media":0,"comment_status":"open","ping_status":"open","sticky":false,"template":"","format":"standard","meta":{"footnotes":""},"categories":[1],"tags":[5556,2,6,1950],"class_list":["post-4452","post","type-post","status-publish","format-standard","hentry","category-sem-categoria","tag-asces-unita-divulga-datas-do-vestibular-2018","tag-blog-do-edvaldo-magalhaes","tag-noticias","tag-noticias-de-caruaru"],"_links":{"self":[{"href":"https:\/\/blogdoedvaldomagalhaes.com.br\/index.php\/wp-json\/wp\/v2\/posts\/4452","targetHints":{"allow":["GET"]}}],"collection":[{"href":"https:\/\/blogdoedvaldomagalhaes.com.br\/index.php\/wp-json\/wp\/v2\/posts"}],"about":[{"href":"https:\/\/blogdoedvaldomagalhaes.com.br\/index.php\/wp-json\/wp\/v2\/types\/post"}],"author":[{"embeddable":true,"href":"https:\/\/blogdoedvaldomagalhaes.com.br\/index.php\/wp-json\/wp\/v2\/users\/1"}],"replies":[{"embeddable":true,"href":"https:\/\/blogdoedvaldomagalhaes.com.br\/index.php\/wp-json\/wp\/v2\/comments?post=4452"}],"version-history":[{"count":1,"href":"https:\/\/blogdoedvaldomagalhaes.com.br\/index.php\/wp-json\/wp\/v2\/posts\/4452\/revisions"}],"predecessor-version":[{"id":24860,"href":"https:\/\/blogdoedvaldomagalhaes.com.br\/index.php\/wp-json\/wp\/v2\/posts\/4452\/revisions\/24860"}],"wp:attachment":[{"href":"https:\/\/blogdoedvaldomagalhaes.com.br\/index.php\/wp-json\/wp\/v2\/media?parent=4452"}],"wp:term":[{"taxonomy":"category","embeddable":true,"href":"https:\/\/blogdoedvaldomagalhaes.com.br\/index.php\/wp-json\/wp\/v2\/categories?post=4452"},{"taxonomy":"post_tag","embeddable":true,"href":"https:\/\/blogdoedvaldomagalhaes.com.br\/index.php\/wp-json\/wp\/v2\/tags?post=4452"}],"curies":[{"name":"wp","href":"https:\/\/api.w.org\/{rel}","templated":true}]}}