{"id":4451,"date":"2017-10-05T15:39:00","date_gmt":"2017-10-05T18:39:00","guid":{"rendered":"http:\/\/blogdoedvaldomagalhaes.com.br\/index.php\/2017\/10\/05\/seguranca-de-creche-ateia-fogo-e\/"},"modified":"2019-02-09T01:46:53","modified_gmt":"2019-02-09T03:46:53","slug":"seguranca-de-creche-ateia-fogo-e","status":"publish","type":"post","link":"https:\/\/blogdoedvaldomagalhaes.com.br\/index.php\/2017\/10\/05\/seguranca-de-creche-ateia-fogo-e\/","title":{"rendered":"Seguran\u00e7a de creche ateia fogo em crian\u00e7as em Minas Gerais; h\u00e1 mortos e feridos"},"content":{"rendered":"<div class=\"separator\" style=\"clear: both; text-align: center;\">\n<a href=\"https:\/\/2.bp.blogspot.com\/-pkyjV8HphPM\/WdZRfLvC2wI\/AAAAAAAAghg\/T3PO9bVurzYTs6oSUhl-75sK3xchGSk0wCLcBGAs\/s1600\/creche.jpeg\" imageanchor=\"1\" style=\"margin-left: 1em; margin-right: 1em;\"><img loading=\"lazy\" decoding=\"async\" border=\"0\" data-original-height=\"432\" data-original-width=\"768\" height=\"225\" src=\"http:\/\/blogdoedvaldomagalhaes.com.br\/wp-content\/uploads\/2017\/10\/creche.jpeg\" width=\"400\" \/><\/a><\/div>\n<div class=\"separator\" style=\"clear: both; text-align: center;\">\nFoto: River Ramos Madureira\/Arquivo Pessoal<\/div>\n<div style=\"background: white; line-height: 18.0pt; margin-bottom: 7.5pt; margin-left: 0cm; margin-right: 0cm; margin-top: 0cm; text-align: justify;\">\n<\/div>\n<div style=\"background: white; line-height: 18.0pt; margin-bottom: 7.5pt; margin-left: 0cm; margin-right: 0cm; margin-top: 0cm; text-align: justify;\">\nUm seguran\u00e7a de uma creche<br \/>\nem Jana\u00faba, no Norte de Minas Gerais, ateou fogo em crian\u00e7as na manh\u00e3 desta<br \/>\nquinta-feira (05). Pelo menos quatro crian\u00e7as morreram e dezenas ficaram<br \/>\nferidas.<\/div>\n<div style=\"background: white; box-sizing: border-box; line-height: 18pt; margin: 0cm 0cm 7.5pt; text-align: justify;\">\nDe acordo com a Pol\u00edcia Militar, o guarda do Centro Municipal de<br \/>\nEduca\u00e7\u00e3o infantil Gente Inocente tamb\u00e9m ateou fogo em seu pr\u00f3prio corpo e est\u00e1<br \/>\nno hospital em estado grave.<\/div>\n<div style=\"background: white; box-sizing: border-box; line-height: 18pt; margin: 0cm 0cm 7.5pt; text-align: justify;\">\nUnidades do Samu est\u00e3o no local e equipes de outras cidades se<br \/>\ndeslocaram para atendimento da ocorr\u00eancia. O Corpo de Bombeiros tamb\u00e9m est\u00e1<br \/>\natuando no local.<\/div>\n<p><\/p>\n<div style=\"background: white; box-sizing: border-box; line-height: 18pt; margin: 0cm 0cm 7.5pt; text-align: justify;\">\nO n\u00famero de feridos ainda n\u00e3o foi divulgado. Informa\u00e7\u00f5es do<br \/>\nhospital d\u00e3o conta que 40 pessoas deram entrada na unidade.<\/div>\n","protected":false},"excerpt":{"rendered":"<p>Foto: River Ramos Madureira\/Arquivo Pessoal Um seguran\u00e7a de uma creche em Jana\u00faba, no Norte de Minas Gerais, ateou fogo em&hellip;<\/p>\n","protected":false},"author":1,"featured_media":0,"comment_status":"open","ping_status":"open","sticky":false,"template":"","format":"standard","meta":{"footnotes":""},"categories":[1],"tags":[2,5554,13,334,5555],"class_list":["post-4451","post","type-post","status-publish","format-standard","hentry","category-sem-categoria","tag-blog-do-edvaldo-magalhaes","tag-centro-municipal-de-educacao-infantil-gente-inocente","tag-policial","tag-samu","tag-seguranca-de-creche-ateia-fogo-em-criancas-em-minas-gerais-ha-mortos-e-feridos"],"_links":{"self":[{"href":"https:\/\/blogdoedvaldomagalhaes.com.br\/index.php\/wp-json\/wp\/v2\/posts\/4451","targetHints":{"allow":["GET"]}}],"collection":[{"href":"https:\/\/blogdoedvaldomagalhaes.com.br\/index.php\/wp-json\/wp\/v2\/posts"}],"about":[{"href":"https:\/\/blogdoedvaldomagalhaes.com.br\/index.php\/wp-json\/wp\/v2\/types\/post"}],"author":[{"embeddable":true,"href":"https:\/\/blogdoedvaldomagalhaes.com.br\/index.php\/wp-json\/wp\/v2\/users\/1"}],"replies":[{"embeddable":true,"href":"https:\/\/blogdoedvaldomagalhaes.com.br\/index.php\/wp-json\/wp\/v2\/comments?post=4451"}],"version-history":[{"count":1,"href":"https:\/\/blogdoedvaldomagalhaes.com.br\/index.php\/wp-json\/wp\/v2\/posts\/4451\/revisions"}],"predecessor-version":[{"id":24862,"href":"https:\/\/blogdoedvaldomagalhaes.com.br\/index.php\/wp-json\/wp\/v2\/posts\/4451\/revisions\/24862"}],"wp:attachment":[{"href":"https:\/\/blogdoedvaldomagalhaes.com.br\/index.php\/wp-json\/wp\/v2\/media?parent=4451"}],"wp:term":[{"taxonomy":"category","embeddable":true,"href":"https:\/\/blogdoedvaldomagalhaes.com.br\/index.php\/wp-json\/wp\/v2\/categories?post=4451"},{"taxonomy":"post_tag","embeddable":true,"href":"https:\/\/blogdoedvaldomagalhaes.com.br\/index.php\/wp-json\/wp\/v2\/tags?post=4451"}],"curies":[{"name":"wp","href":"https:\/\/api.w.org\/{rel}","templated":true}]}}