{"id":4447,"date":"2017-10-06T10:40:00","date_gmt":"2017-10-06T13:40:00","guid":{"rendered":"http:\/\/blogdoedvaldomagalhaes.com.br\/index.php\/2017\/10\/06\/sobe-o-numero-de-criancas-mortas-e\/"},"modified":"2019-02-09T01:46:57","modified_gmt":"2019-02-09T03:46:57","slug":"sobe-o-numero-de-criancas-mortas-e","status":"publish","type":"post","link":"https:\/\/blogdoedvaldomagalhaes.com.br\/index.php\/2017\/10\/06\/sobe-o-numero-de-criancas-mortas-e\/","title":{"rendered":"Sobe o n\u00famero de crian\u00e7as mortas em creche ap\u00f3s vigia atear fogo"},"content":{"rendered":"<div class=\"separator\" style=\"clear: both; text-align: center;\">\n<a href=\"https:\/\/4.bp.blogspot.com\/-_OhUcY-Wu4Q\/WdddOaBlYiI\/AAAAAAAAglk\/LI2rlLDRI8U3VQkRpsrBgxzOt1pDoUOnQCLcBGAs\/s1600\/01.jpg\" imageanchor=\"1\" style=\"margin-left: 1em; margin-right: 1em;\"><img loading=\"lazy\" decoding=\"async\" border=\"0\" data-original-height=\"512\" data-original-width=\"768\" height=\"266\" src=\"http:\/\/blogdoedvaldomagalhaes.com.br\/wp-content\/uploads\/2017\/10\/01-2.jpg\" width=\"400\" \/><\/a><\/div>\n<div class=\"separator\" style=\"clear: both; text-align: center;\">\n<em style=\"background-color: white; box-sizing: border-box; color: #333333; font-family: Lato, sans-serif; font-weight: bold;\">Foto: Fredson Souza\/Arquivo pessoal<\/em><\/div>\n<div class=\"separator\" style=\"clear: both; text-align: center;\">\n<\/div>\n<div class=\"separator\" style=\"clear: both; text-align: justify;\">\nSubiu para seis o n\u00famero de crian\u00e7as mortas em uma creche de Jana\u00faba, no Norte de Minas Gerais, ap\u00f3s o vigia atear fogo no local, na manh\u00e3 desta quinta-feira (05). Um menino e uma menina morreram \u00e0 noite quando estavam sendo transferidas para outro hospital. Todas as v\u00edtimas tinham 4 anos. Uma professora tamb\u00e9m morreu. Ela estava com 90% do corpo queimado ap\u00f3s ter sido atingida pelo fogo.<\/div>\n<div class=\"separator\" style=\"clear: both; text-align: justify;\">\n<\/div>\n<div class=\"separator\" style=\"clear: both; text-align: justify;\">\nDe acordo com a Pol\u00edcia Militar, o vigia do Centro Municipal de Educa\u00e7\u00e3o infantil Gente Inocente tamb\u00e9m ateou fogo em seu pr\u00f3prio corpo e morreu no hospital. Dami\u00e3o Soares dos Santos, 50 anos, teria ateado fogo ao pr\u00f3prio corpo e ido em dire\u00e7\u00e3o \u00e0s crian\u00e7as durante o ataque.<\/div>\n<div class=\"separator\" style=\"clear: both; text-align: justify;\">\n<\/div>\n<div class=\"separator\" style=\"clear: both; text-align: center;\">\n<a href=\"https:\/\/4.bp.blogspot.com\/-HB3FPRlfGOY\/WdddYumCGyI\/AAAAAAAAglo\/yPEpX0ZkULQTxJJk1qRF3lbpbnJAvMSYwCLcBGAs\/s1600\/02.jpg\" imageanchor=\"1\" style=\"margin-left: 1em; margin-right: 1em;\"><img loading=\"lazy\" decoding=\"async\" border=\"0\" data-original-height=\"768\" data-original-width=\"768\" height=\"400\" src=\"http:\/\/blogdoedvaldomagalhaes.com.br\/wp-content\/uploads\/2017\/10\/02-2.jpg\" width=\"400\" \/><\/a><\/div>\n<div class=\"separator\" style=\"clear: both; text-align: center;\">\nFoto: Reprodu\u00e7\u00e3o\/Facebook<\/div>\n<div class=\"separator\" style=\"clear: both; text-align: center;\">\n<\/div>\n<div class=\"separator\" style=\"clear: both; text-align: justify;\">\nUma per\u00edcia constatou que Dami\u00e3o chegou a trancar as portas antes de atear fogo. Ele jogou \u00e1lcool nas crian\u00e7as e nele mesmo e, em seguida, colocou fogo.<\/div>\n<div class=\"separator\" style=\"clear: both; text-align: justify;\">\n<\/div>\n<div class=\"separator\" style=\"clear: both; text-align: justify;\">\nDe acordo com a assessoria do Hospital Regional de Jana\u00faba, cerca de 40 pessoas foram atendidas pela unidade \u2013 25 delas foram internadas com queimaduras e 15, que estavam em estado de choque, j\u00e1 foram liberadas.<\/div>\n<div style=\"text-align: justify;\">\n<\/div>\n","protected":false},"excerpt":{"rendered":"<p>Foto: Fredson Souza\/Arquivo pessoal Subiu para seis o n\u00famero de crian\u00e7as mortas em uma creche de Jana\u00faba, no Norte de&hellip;<\/p>\n","protected":false},"author":1,"featured_media":0,"comment_status":"open","ping_status":"open","sticky":false,"template":"","format":"standard","meta":{"footnotes":""},"categories":[1],"tags":[2,13,5546],"class_list":["post-4447","post","type-post","status-publish","format-standard","hentry","category-sem-categoria","tag-blog-do-edvaldo-magalhaes","tag-policial","tag-sobe-o-numero-de-criancas-mortas-em-creche-apos-vigia-atear-fogo"],"_links":{"self":[{"href":"https:\/\/blogdoedvaldomagalhaes.com.br\/index.php\/wp-json\/wp\/v2\/posts\/4447","targetHints":{"allow":["GET"]}}],"collection":[{"href":"https:\/\/blogdoedvaldomagalhaes.com.br\/index.php\/wp-json\/wp\/v2\/posts"}],"about":[{"href":"https:\/\/blogdoedvaldomagalhaes.com.br\/index.php\/wp-json\/wp\/v2\/types\/post"}],"author":[{"embeddable":true,"href":"https:\/\/blogdoedvaldomagalhaes.com.br\/index.php\/wp-json\/wp\/v2\/users\/1"}],"replies":[{"embeddable":true,"href":"https:\/\/blogdoedvaldomagalhaes.com.br\/index.php\/wp-json\/wp\/v2\/comments?post=4447"}],"version-history":[{"count":1,"href":"https:\/\/blogdoedvaldomagalhaes.com.br\/index.php\/wp-json\/wp\/v2\/posts\/4447\/revisions"}],"predecessor-version":[{"id":24872,"href":"https:\/\/blogdoedvaldomagalhaes.com.br\/index.php\/wp-json\/wp\/v2\/posts\/4447\/revisions\/24872"}],"wp:attachment":[{"href":"https:\/\/blogdoedvaldomagalhaes.com.br\/index.php\/wp-json\/wp\/v2\/media?parent=4447"}],"wp:term":[{"taxonomy":"category","embeddable":true,"href":"https:\/\/blogdoedvaldomagalhaes.com.br\/index.php\/wp-json\/wp\/v2\/categories?post=4447"},{"taxonomy":"post_tag","embeddable":true,"href":"https:\/\/blogdoedvaldomagalhaes.com.br\/index.php\/wp-json\/wp\/v2\/tags?post=4447"}],"curies":[{"name":"wp","href":"https:\/\/api.w.org\/{rel}","templated":true}]}}