{"id":4440,"date":"2017-10-06T16:21:00","date_gmt":"2017-10-06T19:21:00","guid":{"rendered":"http:\/\/blogdoedvaldomagalhaes.com.br\/index.php\/2017\/10\/06\/encerrada-greve-dos-trabalhadores-dos\/"},"modified":"2019-02-09T01:47:05","modified_gmt":"2019-02-09T03:47:05","slug":"encerrada-greve-dos-trabalhadores-dos","status":"publish","type":"post","link":"https:\/\/blogdoedvaldomagalhaes.com.br\/index.php\/2017\/10\/06\/encerrada-greve-dos-trabalhadores-dos\/","title":{"rendered":"Encerrada greve dos trabalhadores dos Correios em Pernambuco"},"content":{"rendered":"<div class=\"separator\" style=\"clear: both; text-align: center;\">\n<a href=\"https:\/\/1.bp.blogspot.com\/-DAEgf6_9u-Q\/WdetLrXPu8I\/AAAAAAAAgoM\/-yaCD3guYO4OTVjbyFuTxQ5FRnALbT-pACLcBGAs\/s1600\/correios.jpeg\" imageanchor=\"1\" style=\"margin-left: 1em; margin-right: 1em;\"><img loading=\"lazy\" decoding=\"async\" border=\"0\" data-original-height=\"225\" data-original-width=\"300\" height=\"300\" src=\"http:\/\/blogdoedvaldomagalhaes.com.br\/wp-content\/uploads\/2017\/10\/correios.jpeg\" width=\"400\" \/><\/a><\/div>\n<div class=\"separator\" style=\"clear: both; text-align: center;\">\nFoto: Helenivaldo Pereira\/R\u00e1dio Liberdade<\/div>\n<div style=\"background: white; line-height: 18.0pt; margin-bottom: 7.5pt; margin-left: 0cm; margin-right: 0cm; margin-top: 0cm; text-align: justify;\">\n<\/div>\n<div style=\"background: white; line-height: 18.0pt; margin-bottom: 7.5pt; margin-left: 0cm; margin-right: 0cm; margin-top: 0cm; text-align: justify;\">\nOs trabalhadores dos<br \/>\nCorreios em Pernambuco decidiram encerra a greve e v\u00e3o retornar ao trabalho na<br \/>\npr\u00f3xima segunda-feira (09). A decis\u00e3o foi tomada em assembleia da categoria na<br \/>\nmanh\u00e3 desta sexta-feira (06), em frente ao edif\u00edcio sede dos Correios, no Recife.<\/div>\n<div style=\"background: white; box-sizing: border-box; line-height: 18pt; margin: 0cm 0cm 7.5pt; text-align: justify;\">\nEm Pernambuco, s\u00e3o cerca de 3.400 funcion\u00e1rios. A paralisa\u00e7\u00e3o teve<br \/>\nin\u00edcio no dia 19 de setembro.<\/div>\n<div style=\"background: white; box-sizing: border-box; line-height: 18pt; margin: 0cm 0cm 7.5pt; text-align: justify;\">\nDe acordo com o Sintect-PE, sindicato da categoria, a mobiliza\u00e7\u00e3o<br \/>\nsignificou uma vit\u00f3ria para os trabalhadores, j\u00e1 que as primeiras previs\u00f5es<br \/>\neram de retirada de direitos. O Acordo Coletivo de Trabalho (ACT) fechado prev\u00ea<br \/>\nreajuste salarial e de benef\u00edcios de 2,07% (\u00edndice do INPC) e a reedi\u00e7\u00e3o de<br \/>\ncl\u00e1usulas sociais, com a manuten\u00e7\u00e3o dos direitos hist\u00f3ricos conquistados.<\/div>\n<p><\/p>\n<div style=\"background: white; box-sizing: border-box; line-height: 18pt; margin: 0cm 0cm 7.5pt; text-align: justify;\">\nCom rela\u00e7\u00e3o ao Postal Sa\u00fade, est\u00e1 mantida a mesma reda\u00e7\u00e3o do ACT<br \/>\n2016\/2017 e continua a media\u00e7\u00e3o do Tribunal Superior do Trabalho (TST). Os trabalhadores<br \/>\nreafirmam que n\u00e3o abrir\u00e3o m\u00e3o dos seus direitos.<\/div>\n","protected":false},"excerpt":{"rendered":"<p>Foto: Helenivaldo Pereira\/R\u00e1dio Liberdade Os trabalhadores dos Correios em Pernambuco decidiram encerra a greve e v\u00e3o retornar ao trabalho na&hellip;<\/p>\n","protected":false},"author":1,"featured_media":0,"comment_status":"open","ping_status":"open","sticky":false,"template":"","format":"standard","meta":{"footnotes":""},"categories":[1],"tags":[2,5537,6],"class_list":["post-4440","post","type-post","status-publish","format-standard","hentry","category-sem-categoria","tag-blog-do-edvaldo-magalhaes","tag-encerrada-greve-dos-trabalhadores-dos-correios-em-pernambuco","tag-noticias"],"_links":{"self":[{"href":"https:\/\/blogdoedvaldomagalhaes.com.br\/index.php\/wp-json\/wp\/v2\/posts\/4440","targetHints":{"allow":["GET"]}}],"collection":[{"href":"https:\/\/blogdoedvaldomagalhaes.com.br\/index.php\/wp-json\/wp\/v2\/posts"}],"about":[{"href":"https:\/\/blogdoedvaldomagalhaes.com.br\/index.php\/wp-json\/wp\/v2\/types\/post"}],"author":[{"embeddable":true,"href":"https:\/\/blogdoedvaldomagalhaes.com.br\/index.php\/wp-json\/wp\/v2\/users\/1"}],"replies":[{"embeddable":true,"href":"https:\/\/blogdoedvaldomagalhaes.com.br\/index.php\/wp-json\/wp\/v2\/comments?post=4440"}],"version-history":[{"count":1,"href":"https:\/\/blogdoedvaldomagalhaes.com.br\/index.php\/wp-json\/wp\/v2\/posts\/4440\/revisions"}],"predecessor-version":[{"id":24891,"href":"https:\/\/blogdoedvaldomagalhaes.com.br\/index.php\/wp-json\/wp\/v2\/posts\/4440\/revisions\/24891"}],"wp:attachment":[{"href":"https:\/\/blogdoedvaldomagalhaes.com.br\/index.php\/wp-json\/wp\/v2\/media?parent=4440"}],"wp:term":[{"taxonomy":"category","embeddable":true,"href":"https:\/\/blogdoedvaldomagalhaes.com.br\/index.php\/wp-json\/wp\/v2\/categories?post=4440"},{"taxonomy":"post_tag","embeddable":true,"href":"https:\/\/blogdoedvaldomagalhaes.com.br\/index.php\/wp-json\/wp\/v2\/tags?post=4440"}],"curies":[{"name":"wp","href":"https:\/\/api.w.org\/{rel}","templated":true}]}}