{"id":444,"date":"2018-12-12T19:25:00","date_gmt":"2018-12-12T21:25:00","guid":{"rendered":"http:\/\/blogdoedvaldomagalhaes.com.br\/index.php\/2018\/12\/12\/elenco-do-central-inicia-pre-temporada\/"},"modified":"2019-02-09T02:45:50","modified_gmt":"2019-02-09T04:45:50","slug":"elenco-do-central-inicia-pre-temporada","status":"publish","type":"post","link":"https:\/\/blogdoedvaldomagalhaes.com.br\/index.php\/2018\/12\/12\/elenco-do-central-inicia-pre-temporada\/","title":{"rendered":"Elenco do Central inicia pr\u00e9-temporada no Ninho do Gavi\u00e3o"},"content":{"rendered":"<div class=\"separator\" style=\"clear: both; text-align: center;\">\n<a href=\"https:\/\/3.bp.blogspot.com\/-Wu0tuKOfWB0\/XBFfrnRyyVI\/AAAAAAAA_pg\/LczTx47FFGUCGDRX3njZzZU0jUj7MdUIwCLcBGAs\/s1600\/IMG-20181212-WA0143.jpg\" imageanchor=\"1\" style=\"margin-left: 1em; margin-right: 1em;\"><img loading=\"lazy\" decoding=\"async\" border=\"0\" data-original-height=\"960\" data-original-width=\"1280\" height=\"480\" src=\"http:\/\/blogdoedvaldomagalhaes.com.br\/wp-content\/uploads\/2018\/12\/IMG-20181212-WA0143.jpg\" width=\"640\" \/><\/a><\/div>\n<p><\/p>\n<div style=\"text-align: justify;\">\nNa manh\u00e3 desta quarta-feira (12), ocorreu a apresenta\u00e7\u00e3o oficial do elenco e comiss\u00e3o t\u00e9cnica do Central Sport Club. O t\u00e9cnico Estevam Soares, se apresentou aos atletas e falou sobre o planejamento do Alvinegro Caruaruense para 2019, ano do centen\u00e1rio da Patativa.<\/div>\n<div style=\"text-align: justify;\">\n<\/div>\n<div style=\"text-align: justify;\">\nAp\u00f3s a apresenta\u00e7\u00e3o, os jogadores iniciaram as atividades f\u00edsicas sob a orienta\u00e7\u00e3o do &nbsp;preparador f\u00edsico Odair Mourato e equipe, na &nbsp;Coliseum Gym Academia.&nbsp;<\/div>\n<div style=\"text-align: justify;\">\n<\/div>\n<div style=\"text-align: justify;\">\nO treino desta tarde est\u00e1 sendo realizado no CT Ninho do Gavi\u00e3o.<\/div>\n<div style=\"text-align: justify;\">\n<\/div>\n<div style=\"text-align: justify;\">\nConfira os atletas que iniciaram os trabalhos nesta quarta-feira:<\/div>\n<div style=\"text-align: justify;\">\n<\/div>\n<div style=\"text-align: justify;\">\nGoleiros: Jeferson, Tom, Elias e Anderson (base)<\/div>\n<div style=\"text-align: justify;\">\n<\/div>\n<div style=\"text-align: justify;\">\nLaterai direito: Rudinho (base)<\/div>\n<div style=\"text-align: justify;\">\n<\/div>\n<div style=\"text-align: justify;\">\nZagueiros: Xand\u00e3o, Diego Bispo, Bruno Oliveira, Janelson, &nbsp;Amilton (base) e Alem\u00e3o (base).<\/div>\n<div style=\"text-align: justify;\">\n<\/div>\n<div style=\"text-align: justify;\">\nLaterais esquerdos: Daniel Rodrigues, Daniel e Uendel (base)<\/div>\n<div style=\"text-align: justify;\">\n<\/div>\n<div style=\"text-align: justify;\">\nVolantes: Edson Magal, Eduardo Er\u00ea, Fernando Pires, Weslley, Cesinha (base), Juninho (base) e Denison (base)<\/div>\n<div style=\"text-align: justify;\">\n<\/div>\n<div style=\"text-align: justify;\">\nMeias: Murilo Rangel, George, Paulinho Mossor\u00f3, Idevam, &nbsp;Deivisson (base), Lu\u00eds Guilherme (base) e Luiz Eduardo (base).<\/div>\n<div style=\"text-align: justify;\">\n<\/div>\n<div style=\"text-align: justify;\">\nAtacantes: Leandro Costa, Anderson Lessa, Genesis, Giovani Rosa, A\u00edlton, Ikson e Caique (base).<\/div>\n<div style=\"text-align: justify;\">\n<\/div>\n<div style=\"text-align: justify;\">\nAo todo, 35 jogadores se apresentaram ao t\u00e9cnico Estevam Soares<\/div>\n<div style=\"text-align: justify;\">\n<\/div>\n<div style=\"text-align: justify;\">\nA \u00fanica aus\u00eancia na manh\u00e3 de hoje foi o lateral direito Dudu Gago, o atleta \u00e9 aguardado no decorrer do dia.<\/p>\n<\/div>\n","protected":false},"excerpt":{"rendered":"<p>Na manh\u00e3 desta quarta-feira (12), ocorreu a apresenta\u00e7\u00e3o oficial do elenco e comiss\u00e3o t\u00e9cnica do Central Sport Club. O t\u00e9cnico&hellip;<\/p>\n","protected":false},"author":1,"featured_media":0,"comment_status":"open","ping_status":"open","sticky":false,"template":"","format":"standard","meta":{"footnotes":""},"categories":[1],"tags":[2,357,3],"class_list":["post-444","post","type-post","status-publish","format-standard","hentry","category-sem-categoria","tag-blog-do-edvaldo-magalhaes","tag-elenco-do-central-inicia-pre-temporada-no-ninho-do-gaviao","tag-futebol"],"_links":{"self":[{"href":"https:\/\/blogdoedvaldomagalhaes.com.br\/index.php\/wp-json\/wp\/v2\/posts\/444","targetHints":{"allow":["GET"]}}],"collection":[{"href":"https:\/\/blogdoedvaldomagalhaes.com.br\/index.php\/wp-json\/wp\/v2\/posts"}],"about":[{"href":"https:\/\/blogdoedvaldomagalhaes.com.br\/index.php\/wp-json\/wp\/v2\/types\/post"}],"author":[{"embeddable":true,"href":"https:\/\/blogdoedvaldomagalhaes.com.br\/index.php\/wp-json\/wp\/v2\/users\/1"}],"replies":[{"embeddable":true,"href":"https:\/\/blogdoedvaldomagalhaes.com.br\/index.php\/wp-json\/wp\/v2\/comments?post=444"}],"version-history":[{"count":1,"href":"https:\/\/blogdoedvaldomagalhaes.com.br\/index.php\/wp-json\/wp\/v2\/posts\/444\/revisions"}],"predecessor-version":[{"id":36768,"href":"https:\/\/blogdoedvaldomagalhaes.com.br\/index.php\/wp-json\/wp\/v2\/posts\/444\/revisions\/36768"}],"wp:attachment":[{"href":"https:\/\/blogdoedvaldomagalhaes.com.br\/index.php\/wp-json\/wp\/v2\/media?parent=444"}],"wp:term":[{"taxonomy":"category","embeddable":true,"href":"https:\/\/blogdoedvaldomagalhaes.com.br\/index.php\/wp-json\/wp\/v2\/categories?post=444"},{"taxonomy":"post_tag","embeddable":true,"href":"https:\/\/blogdoedvaldomagalhaes.com.br\/index.php\/wp-json\/wp\/v2\/tags?post=444"}],"curies":[{"name":"wp","href":"https:\/\/api.w.org\/{rel}","templated":true}]}}