{"id":4439,"date":"2017-10-06T16:28:00","date_gmt":"2017-10-06T19:28:00","guid":{"rendered":"http:\/\/blogdoedvaldomagalhaes.com.br\/index.php\/2017\/10\/06\/secretario-de-educacao-de-caruaru-2\/"},"modified":"2019-02-09T01:47:05","modified_gmt":"2019-02-09T03:47:05","slug":"secretario-de-educacao-de-caruaru-2","status":"publish","type":"post","link":"https:\/\/blogdoedvaldomagalhaes.com.br\/index.php\/2017\/10\/06\/secretario-de-educacao-de-caruaru-2\/","title":{"rendered":"Secret\u00e1rio de Educa\u00e7\u00e3o de Caruaru garante funcionamento de creches at\u00e9 o fim do m\u00eas"},"content":{"rendered":"<div class=\"separator\" style=\"clear: both; text-align: center;\">\n<a href=\"https:\/\/1.bp.blogspot.com\/-7rG1zr9-C6w\/WdevA6qA73I\/AAAAAAAAgoc\/CZJfBWzJUJ8LPMtFgAFnuydVhp9L0LmVgCLcBGAs\/s1600\/chrece.jpg\" imageanchor=\"1\" style=\"margin-left: 1em; margin-right: 1em;\"><img loading=\"lazy\" decoding=\"async\" border=\"0\" data-original-height=\"183\" data-original-width=\"275\" height=\"266\" src=\"http:\/\/blogdoedvaldomagalhaes.com.br\/wp-content\/uploads\/2017\/10\/chrece.jpg\" width=\"400\" \/><\/a><\/div>\n<div class=\"separator\" style=\"clear: both; text-align: center;\">\n<\/div>\n<div class=\"MsoNormal\" style=\"text-align: justify;\">\n<\/div>\n<div class=\"MsoNormal\" style=\"text-align: justify;\">\nAp\u00f3s<br \/>\nmuitas reclama\u00e7\u00f5es de moradores dos Residenciais Alto do Moura e Luiz Bezerra<br \/>\nTorres, a Prefeitura de Caruaru decidiu agilizar o funcionamento das creches. Em entrevista \u00e0 R\u00e1dio Liberdade, o secret\u00e1rio municipal de Educa\u00e7\u00e3o, Rubenildo Moura, elas ser\u00e3o<br \/>\ninauguradas at\u00e9 o fim do m\u00eas de outubro, atendendo a mais de 300 crian\u00e7as.<\/div>\n","protected":false},"excerpt":{"rendered":"<p>Ap\u00f3s muitas reclama\u00e7\u00f5es de moradores dos Residenciais Alto do Moura e Luiz Bezerra Torres, a Prefeitura de Caruaru decidiu agilizar&hellip;<\/p>\n","protected":false},"author":1,"featured_media":0,"comment_status":"open","ping_status":"open","sticky":false,"template":"","format":"standard","meta":{"footnotes":""},"categories":[1],"tags":[2,6,4526,5536],"class_list":["post-4439","post","type-post","status-publish","format-standard","hentry","category-sem-categoria","tag-blog-do-edvaldo-magalhaes","tag-noticias","tag-rubenildo-moura","tag-secretario-de-educacao-de-caruaru-garante-funcionamento-de-creches-ate-o-fim-do-mes"],"_links":{"self":[{"href":"https:\/\/blogdoedvaldomagalhaes.com.br\/index.php\/wp-json\/wp\/v2\/posts\/4439","targetHints":{"allow":["GET"]}}],"collection":[{"href":"https:\/\/blogdoedvaldomagalhaes.com.br\/index.php\/wp-json\/wp\/v2\/posts"}],"about":[{"href":"https:\/\/blogdoedvaldomagalhaes.com.br\/index.php\/wp-json\/wp\/v2\/types\/post"}],"author":[{"embeddable":true,"href":"https:\/\/blogdoedvaldomagalhaes.com.br\/index.php\/wp-json\/wp\/v2\/users\/1"}],"replies":[{"embeddable":true,"href":"https:\/\/blogdoedvaldomagalhaes.com.br\/index.php\/wp-json\/wp\/v2\/comments?post=4439"}],"version-history":[{"count":1,"href":"https:\/\/blogdoedvaldomagalhaes.com.br\/index.php\/wp-json\/wp\/v2\/posts\/4439\/revisions"}],"predecessor-version":[{"id":24893,"href":"https:\/\/blogdoedvaldomagalhaes.com.br\/index.php\/wp-json\/wp\/v2\/posts\/4439\/revisions\/24893"}],"wp:attachment":[{"href":"https:\/\/blogdoedvaldomagalhaes.com.br\/index.php\/wp-json\/wp\/v2\/media?parent=4439"}],"wp:term":[{"taxonomy":"category","embeddable":true,"href":"https:\/\/blogdoedvaldomagalhaes.com.br\/index.php\/wp-json\/wp\/v2\/categories?post=4439"},{"taxonomy":"post_tag","embeddable":true,"href":"https:\/\/blogdoedvaldomagalhaes.com.br\/index.php\/wp-json\/wp\/v2\/tags?post=4439"}],"curies":[{"name":"wp","href":"https:\/\/api.w.org\/{rel}","templated":true}]}}