{"id":4438,"date":"2017-10-06T19:36:00","date_gmt":"2017-10-06T22:36:00","guid":{"rendered":"http:\/\/blogdoedvaldomagalhaes.com.br\/index.php\/2017\/10\/06\/homem-e-esfaqueado-em-calcada-de-igreja\/"},"modified":"2019-02-09T01:47:06","modified_gmt":"2019-02-09T03:47:06","slug":"homem-e-esfaqueado-em-calcada-de-igreja","status":"publish","type":"post","link":"https:\/\/blogdoedvaldomagalhaes.com.br\/index.php\/2017\/10\/06\/homem-e-esfaqueado-em-calcada-de-igreja\/","title":{"rendered":"Homem \u00e9 esfaqueado em cal\u00e7ada de Igreja no Centro Caruaru"},"content":{"rendered":"<div class=\"separator\" style=\"clear: both; text-align: center;\">\n<a href=\"https:\/\/4.bp.blogspot.com\/-yiPNUdurouc\/Wdfacu7Q44I\/AAAAAAAAgpY\/NIIRg1h6XwcYWxdbjqxxPS0f9zPezfI3ACLcBGAs\/s1600\/1.JPG\" imageanchor=\"1\" style=\"margin-left: 1em; margin-right: 1em;\"><img loading=\"lazy\" decoding=\"async\" border=\"0\" data-original-height=\"1200\" data-original-width=\"1600\" height=\"300\" src=\"http:\/\/blogdoedvaldomagalhaes.com.br\/wp-content\/uploads\/2017\/10\/1.jpg\" width=\"400\" \/><\/a><\/div>\n<div class=\"separator\" style=\"clear: both; text-align: center;\">\nFotos: Helenivaldo Pereira\/R\u00e1dio Liberdade<\/div>\n<div class=\"separator\" style=\"clear: both; text-align: center;\">\n<\/div>\n<div class=\"separator\" style=\"clear: both; text-align: justify;\">\nA tentativa de homic\u00eddio aconteceu na cal\u00e7ada da Igreja da Concei\u00e7\u00e3o, localizada no centro de Caruaru, na tarde desta sexta-feira (06). A v\u00edtima, identificada por Rafael, foi atingida com um golpe de faca no pesco\u00e7o e socorrida pelo Samu para o Hospital Regional do Agreste (HRA).<\/div>\n<div class=\"separator\" style=\"clear: both; text-align: justify;\">\n<\/div>\n<div class=\"separator\" style=\"clear: both; text-align: center;\">\n<a href=\"https:\/\/4.bp.blogspot.com\/-3poWAGHgR-I\/WdfafDqlfXI\/AAAAAAAAgpc\/gqtWq8EDeA4x2PKXjFoOaO4I_uJ1ntLUgCLcBGAs\/s1600\/2.JPG\" imageanchor=\"1\" style=\"font-family: &quot;Times New Roman&quot;; font-size: medium; margin-left: 1em; margin-right: 1em;\"><img loading=\"lazy\" decoding=\"async\" border=\"0\" data-original-height=\"1200\" data-original-width=\"1600\" height=\"300\" src=\"http:\/\/blogdoedvaldomagalhaes.com.br\/wp-content\/uploads\/2017\/10\/2.jpg\" width=\"400\" \/><\/a><\/div>\n<div class=\"separator\" style=\"clear: both; text-align: justify;\">\n<\/div>\n<div class=\"separator\" style=\"clear: both; text-align: justify;\">\n<\/div>\n<div class=\"separator\" style=\"clear: both; text-align: justify;\">\nDe acordo com informa\u00e7\u00f5es passadas \u00e0 R\u00e1dio Liberdade pelo cabo Vanderlan, da Pol\u00edcia Militar, Rafael estava bebendo em companhia de outros dois homens e come\u00e7aram a discutir. Os dois suspeitos foram presos pelo policiamento que fazia ronda a p\u00e9 no momento do crime, como mostram as fotos abaixo.<\/div>\n<div class=\"separator\" style=\"clear: both; text-align: justify;\">\n<\/div>\n<div class=\"separator\" style=\"clear: both; text-align: center;\">\n<a href=\"https:\/\/3.bp.blogspot.com\/-ebu3Jp5L_Hw\/Wdfp6g6UuDI\/AAAAAAAAgp8\/BGeicLvxi_8HjU0hco_QyCTo46Iec4T4ACLcBGAs\/s1600\/IMG-20171006-WA0140.jpg\" imageanchor=\"1\" style=\"margin-left: 1em; margin-right: 1em;\"><img loading=\"lazy\" decoding=\"async\" border=\"0\" data-original-height=\"580\" data-original-width=\"941\" height=\"245\" src=\"http:\/\/blogdoedvaldomagalhaes.com.br\/wp-content\/uploads\/2017\/10\/IMG-20171006-WA0140.jpg\" width=\"400\" \/><\/a><\/div>\n<p><\/p>\n<div class=\"separator\" style=\"clear: both; text-align: center;\">\n<a href=\"https:\/\/2.bp.blogspot.com\/-zAMvGKKEZkA\/Wdfp6wEWlAI\/AAAAAAAAgqA\/6MVTnvD5ggc9qmPobpDd-uTdQqGWhBZ1wCLcBGAs\/s1600\/IMG-20171006-WA0141.jpg\" imageanchor=\"1\" style=\"margin-left: 1em; margin-right: 1em;\"><img loading=\"lazy\" decoding=\"async\" border=\"0\" data-original-height=\"720\" data-original-width=\"1280\" height=\"225\" src=\"http:\/\/blogdoedvaldomagalhaes.com.br\/wp-content\/uploads\/2017\/10\/IMG-20171006-WA0141.jpg\" width=\"400\" \/><\/a><\/div>\n<div class=\"separator\" style=\"clear: both; text-align: center;\">\nFotos Adriano Luiz<\/div>\n<div class=\"separator\" style=\"clear: both; text-align: justify;\">\n<\/div>\n<div class=\"separator\" style=\"clear: both; text-align: center;\">\n<iframe loading=\"lazy\" allowfullscreen=\"true\" allowtransparency=\"true\" frameborder=\"0\" height=\"562\" scrolling=\"no\" src=\"https:\/\/www.facebook.com\/plugins\/video.php?href=https%3A%2F%2Fwww.facebook.com%2Fblogdoedvaldomagalhaes%2Fvideos%2F523750281291738%2F&amp;show_text=1&amp;width=560\" style=\"border-style: none; border-width: initial; overflow: hidden;\" width=\"560\"><\/iframe><\/div>\n","protected":false},"excerpt":{"rendered":"<p>Fotos: Helenivaldo Pereira\/R\u00e1dio Liberdade A tentativa de homic\u00eddio aconteceu na cal\u00e7ada da Igreja da Concei\u00e7\u00e3o, localizada no centro de Caruaru,&hellip;<\/p>\n","protected":false},"author":1,"featured_media":0,"comment_status":"open","ping_status":"open","sticky":false,"template":"","format":"standard","meta":{"footnotes":""},"categories":[1],"tags":[2,5535,3186,13],"class_list":["post-4438","post","type-post","status-publish","format-standard","hentry","category-sem-categoria","tag-blog-do-edvaldo-magalhaes","tag-homem-e-esfaqueado-em-calcada-de-igreja-no-centro-caruaru","tag-noticias-policiais-de-caruaru","tag-policial"],"_links":{"self":[{"href":"https:\/\/blogdoedvaldomagalhaes.com.br\/index.php\/wp-json\/wp\/v2\/posts\/4438","targetHints":{"allow":["GET"]}}],"collection":[{"href":"https:\/\/blogdoedvaldomagalhaes.com.br\/index.php\/wp-json\/wp\/v2\/posts"}],"about":[{"href":"https:\/\/blogdoedvaldomagalhaes.com.br\/index.php\/wp-json\/wp\/v2\/types\/post"}],"author":[{"embeddable":true,"href":"https:\/\/blogdoedvaldomagalhaes.com.br\/index.php\/wp-json\/wp\/v2\/users\/1"}],"replies":[{"embeddable":true,"href":"https:\/\/blogdoedvaldomagalhaes.com.br\/index.php\/wp-json\/wp\/v2\/comments?post=4438"}],"version-history":[{"count":1,"href":"https:\/\/blogdoedvaldomagalhaes.com.br\/index.php\/wp-json\/wp\/v2\/posts\/4438\/revisions"}],"predecessor-version":[{"id":24898,"href":"https:\/\/blogdoedvaldomagalhaes.com.br\/index.php\/wp-json\/wp\/v2\/posts\/4438\/revisions\/24898"}],"wp:attachment":[{"href":"https:\/\/blogdoedvaldomagalhaes.com.br\/index.php\/wp-json\/wp\/v2\/media?parent=4438"}],"wp:term":[{"taxonomy":"category","embeddable":true,"href":"https:\/\/blogdoedvaldomagalhaes.com.br\/index.php\/wp-json\/wp\/v2\/categories?post=4438"},{"taxonomy":"post_tag","embeddable":true,"href":"https:\/\/blogdoedvaldomagalhaes.com.br\/index.php\/wp-json\/wp\/v2\/tags?post=4438"}],"curies":[{"name":"wp","href":"https:\/\/api.w.org\/{rel}","templated":true}]}}