{"id":443,"date":"2018-12-12T22:46:00","date_gmt":"2018-12-13T00:46:00","guid":{"rendered":"http:\/\/blogdoedvaldomagalhaes.com.br\/index.php\/2018\/12\/12\/ceaca-assina-convenio-com-nucleo-de\/"},"modified":"2019-02-09T02:45:50","modified_gmt":"2019-02-09T04:45:50","slug":"ceaca-assina-convenio-com-nucleo-de","status":"publish","type":"post","link":"https:\/\/blogdoedvaldomagalhaes.com.br\/index.php\/2018\/12\/12\/ceaca-assina-convenio-com-nucleo-de\/","title":{"rendered":"Ceaca assina conv\u00eanio com N\u00facleo de Pr\u00e1ticas da Fafica para beneficiar comerciantes"},"content":{"rendered":"<div class=\"separator\" style=\"clear: both; text-align: center;\">\n<a href=\"https:\/\/3.bp.blogspot.com\/-vt2FtMCNLjI\/XBGPDGYrP3I\/AAAAAAAA_qA\/PHTeLu4i1TooZzuar4-KVZjUWWld2ipJACLcBGAs\/s1600\/IMG-20181212-WA0281.jpg\" imageanchor=\"1\" style=\"margin-left: 1em; margin-right: 1em;\"><img loading=\"lazy\" decoding=\"async\" border=\"0\" data-original-height=\"768\" data-original-width=\"1024\" height=\"480\" src=\"http:\/\/blogdoedvaldomagalhaes.com.br\/wp-content\/uploads\/2018\/12\/IMG-20181212-WA0281.jpg\" width=\"640\" \/><\/a><\/div>\n<div style=\"text-align: justify;\">\nA Central de Abastecimento de Caruaru (Ceaca) assinou, na manh\u00e3 desta quarta-feira (12), um conv\u00eanio com o N\u00facleo de Pr\u00e1ticas da Faculdade de Filosofia, Ci\u00eancias e Letras de Caruaru (Fafica). Com a medida, os comerciantes do local ser\u00e3o beneficiados a partir de fevereiro de 2019 com alguns servi\u00e7os, como por exemplo: abertura de microempreendedor individual (MEI); orienta\u00e7\u00e3o na Declara\u00e7\u00e3o do Imposto sobre a Propriedade Territorial Rural (ITR); Declara\u00e7\u00e3o de Imposto de Renda de Pessoa F\u00edsica (IRPF); parcelamentos com d\u00e9bitos da Receita Federal; al\u00e9m de consultorias financeiras e de gest\u00e3o.<\/div>\n<div style=\"text-align: justify;\">\n<\/div>\n<div style=\"text-align: justify;\">\n\u201cEstamos sempre em busca do melhor para os comerciantes, de capacit\u00e1-los, de para que eles fiquem cada vez mais preparados para o mercado e para gerar neg\u00f3cio. A Fafica agora est\u00e1 somando e dando essa consultoria de forma gratuita\u201d, pontou o diretor presidente do local, Andr\u00e9 Teixeira Filho.<\/div>\n<div style=\"text-align: justify;\">\n<\/div>\n<div style=\"text-align: justify;\">\nOs atendimentos ocorrer\u00e3o dentro da pr\u00f3pria Ceaca, todas as quartas-feiras, das 9h \u00e0s 11h. Todos os comerciantes, produtores rurais e pessoas que trabalham na Central de Abastecimento ser\u00e3o beneficiados com o conv\u00eanio.<\/div>\n<div style=\"text-align: justify;\">\n<\/div>\n<div style=\"text-align: justify;\">\nInforma\u00e7\u00f5es: Paula Cavalcante\/Assessora de imprensa.<\/div>\n","protected":false},"excerpt":{"rendered":"<p>A Central de Abastecimento de Caruaru (Ceaca) assinou, na manh\u00e3 desta quarta-feira (12), um conv\u00eanio com o N\u00facleo de Pr\u00e1ticas&hellip;<\/p>\n","protected":false},"author":1,"featured_media":0,"comment_status":"open","ping_status":"open","sticky":false,"template":"","format":"standard","meta":{"footnotes":""},"categories":[1],"tags":[2,6],"class_list":["post-443","post","type-post","status-publish","format-standard","hentry","category-sem-categoria","tag-blog-do-edvaldo-magalhaes","tag-noticias"],"_links":{"self":[{"href":"https:\/\/blogdoedvaldomagalhaes.com.br\/index.php\/wp-json\/wp\/v2\/posts\/443","targetHints":{"allow":["GET"]}}],"collection":[{"href":"https:\/\/blogdoedvaldomagalhaes.com.br\/index.php\/wp-json\/wp\/v2\/posts"}],"about":[{"href":"https:\/\/blogdoedvaldomagalhaes.com.br\/index.php\/wp-json\/wp\/v2\/types\/post"}],"author":[{"embeddable":true,"href":"https:\/\/blogdoedvaldomagalhaes.com.br\/index.php\/wp-json\/wp\/v2\/users\/1"}],"replies":[{"embeddable":true,"href":"https:\/\/blogdoedvaldomagalhaes.com.br\/index.php\/wp-json\/wp\/v2\/comments?post=443"}],"version-history":[{"count":1,"href":"https:\/\/blogdoedvaldomagalhaes.com.br\/index.php\/wp-json\/wp\/v2\/posts\/443\/revisions"}],"predecessor-version":[{"id":36770,"href":"https:\/\/blogdoedvaldomagalhaes.com.br\/index.php\/wp-json\/wp\/v2\/posts\/443\/revisions\/36770"}],"wp:attachment":[{"href":"https:\/\/blogdoedvaldomagalhaes.com.br\/index.php\/wp-json\/wp\/v2\/media?parent=443"}],"wp:term":[{"taxonomy":"category","embeddable":true,"href":"https:\/\/blogdoedvaldomagalhaes.com.br\/index.php\/wp-json\/wp\/v2\/categories?post=443"},{"taxonomy":"post_tag","embeddable":true,"href":"https:\/\/blogdoedvaldomagalhaes.com.br\/index.php\/wp-json\/wp\/v2\/tags?post=443"}],"curies":[{"name":"wp","href":"https:\/\/api.w.org\/{rel}","templated":true}]}}