{"id":4423,"date":"2017-10-09T10:37:00","date_gmt":"2017-10-09T13:37:00","guid":{"rendered":"http:\/\/blogdoedvaldomagalhaes.com.br\/index.php\/2017\/10\/09\/sessao-solene-na-assembleia-legislativa\/"},"modified":"2019-02-09T01:47:21","modified_gmt":"2019-02-09T03:47:21","slug":"sessao-solene-na-assembleia-legislativa","status":"publish","type":"post","link":"https:\/\/blogdoedvaldomagalhaes.com.br\/index.php\/2017\/10\/09\/sessao-solene-na-assembleia-legislativa\/","title":{"rendered":"Sess\u00e3o Solene na Assembleia Legislativa em homenagem aos dez anos do M\u00e3e Coruja"},"content":{"rendered":"<div class=\"separator\" style=\"clear: both; text-align: center;\">\n<a href=\"https:\/\/4.bp.blogspot.com\/-lBpWxq2kZjo\/WdtRJQH7mSI\/AAAAAAAAg2o\/wD6xdZaJUNoOdhANNxFqVtjMJl-Nj4nEgCLcBGAs\/s1600\/m%25C3%25A1e.jpeg\" imageanchor=\"1\" style=\"margin-left: 1em; margin-right: 1em;\"><img loading=\"lazy\" decoding=\"async\" border=\"0\" data-original-height=\"960\" data-original-width=\"1280\" height=\"300\" src=\"http:\/\/blogdoedvaldomagalhaes.com.br\/wp-content\/uploads\/2017\/10\/mC3A1e.jpeg\" width=\"400\" \/><\/a><\/div>\n<div class=\"MsoNormal\" style=\"background: white; margin-bottom: .0001pt; margin-bottom: 0cm; mso-line-height-alt: 14.4pt; text-align: justify;\">\n<\/div>\n<div class=\"MsoNormal\" style=\"background: white; margin-bottom: .0001pt; margin-bottom: 0cm; mso-line-height-alt: 14.4pt; text-align: justify;\">\nNuma marca in\u00e9dita em Pernambuco, o<br \/>\nPrograma M\u00e3e Coruja, em uma d\u00e9cada, assistiu&nbsp; a 300 mil fam\u00edlias e m\u00e3es,<br \/>\ndesde o pr\u00e9-natal, passando pelo parto e at\u00e9 as crian\u00e7as completarem&nbsp;<br \/>\ncinco anos de idade, em mais de cem munic\u00edpios do Estado. As a\u00e7\u00f5es resultaram<br \/>\nna redu\u00e7\u00e3o da mortalidade infantil em mais de 20%.<\/div>\n<div class=\"MsoNormal\" style=\"background: white; margin-bottom: .0001pt; margin-bottom: 0cm; mso-line-height-alt: 14.4pt; text-align: justify;\">\n<\/div>\n<div class=\"MsoNormal\" style=\"background: white; margin-bottom: .0001pt; margin-bottom: 0cm; mso-line-height-alt: 14.4pt; text-align: justify;\">\nPara homenagear os dez anos do<br \/>\nPrograma, a deputada estadual Laura Gomes (PSB) reunir\u00e1 em sess\u00e3o solene, nesta<br \/>\nsegunda-feira (09), \u00e0s 18h, na Assembleia Legislativa, os idealizadores e<br \/>\nprofissionais que est\u00e3o \u00e0 frente do M\u00e3e Coruja, que teve in\u00edcio no primeiro<br \/>\ngoverno de Eduardo Campos, em 2007, tocado inicialmente pela ex-primeira dama<br \/>\nRenata Campos e agora tem o acompanhamento da primeira-dama Ana Lu\u00edza C\u00e2mara.<\/div>\n<div class=\"MsoNormal\" style=\"background: white; margin-bottom: .0001pt; margin-bottom: 0cm; mso-line-height-alt: 14.4pt; text-align: justify;\">\n<\/div>\n<div class=\"MsoNormal\" style=\"background: white; margin-bottom: .0001pt; margin-bottom: 0cm; mso-line-height-alt: 14.4pt; text-align: justify;\">\nSemana passada, o governador<br \/>\nPaulo C\u00e2mara (PSB) sancionou o Projeto de Lei que torna obrigat\u00f3ria a execu\u00e7\u00e3o no Or\u00e7amento<br \/>\ndo Estado das verbas destinadas ao M\u00e3e Coruja, garantindo a continuidade da<br \/>\nassist\u00eancia como Pol\u00edtica P\u00fablica permanente.<\/div>\n<div class=\"MsoNormal\" style=\"background: white; margin-bottom: .0001pt; margin-bottom: 0cm; mso-line-height-alt: 14.4pt; text-align: justify;\">\n<\/div>\n<div class=\"MsoNormal\" style=\"background: white; margin-bottom: .0001pt; margin-bottom: 0cm; mso-line-height-alt: 14.4pt; text-align: justify;\">\nO Programa M\u00e3e Coruja, que atua em<br \/>\nparceria com a Unicef, &nbsp;foi agraciado pela ONU, com o pr\u00eamio de boas<br \/>\npr\u00e1ticas p\u00fablicas e &nbsp;pela OEA, na \u00e1rea de servi\u00e7os preventivos de sa\u00fade,<br \/>\n&nbsp;al\u00e9m de ter recebido o pr\u00eamio Zilda Arns, da Pastoral da Crian\u00e7a de<br \/>\nPernambuco<\/div>\n","protected":false},"excerpt":{"rendered":"<p>Numa marca in\u00e9dita em Pernambuco, o Programa M\u00e3e Coruja, em uma d\u00e9cada, assistiu&nbsp; a 300 mil fam\u00edlias e m\u00e3es, desde&hellip;<\/p>\n","protected":false},"author":1,"featured_media":0,"comment_status":"open","ping_status":"open","sticky":false,"template":"","format":"standard","meta":{"footnotes":""},"categories":[1],"tags":[2,3341,20,5513],"class_list":["post-4423","post","type-post","status-publish","format-standard","hentry","category-sem-categoria","tag-blog-do-edvaldo-magalhaes","tag-laura-gomes","tag-politica","tag-sessao-solene-na-assembleia-legislativa-em-homenagem-aos-dez-anos-do-mae-coruja"],"_links":{"self":[{"href":"https:\/\/blogdoedvaldomagalhaes.com.br\/index.php\/wp-json\/wp\/v2\/posts\/4423","targetHints":{"allow":["GET"]}}],"collection":[{"href":"https:\/\/blogdoedvaldomagalhaes.com.br\/index.php\/wp-json\/wp\/v2\/posts"}],"about":[{"href":"https:\/\/blogdoedvaldomagalhaes.com.br\/index.php\/wp-json\/wp\/v2\/types\/post"}],"author":[{"embeddable":true,"href":"https:\/\/blogdoedvaldomagalhaes.com.br\/index.php\/wp-json\/wp\/v2\/users\/1"}],"replies":[{"embeddable":true,"href":"https:\/\/blogdoedvaldomagalhaes.com.br\/index.php\/wp-json\/wp\/v2\/comments?post=4423"}],"version-history":[{"count":1,"href":"https:\/\/blogdoedvaldomagalhaes.com.br\/index.php\/wp-json\/wp\/v2\/posts\/4423\/revisions"}],"predecessor-version":[{"id":24954,"href":"https:\/\/blogdoedvaldomagalhaes.com.br\/index.php\/wp-json\/wp\/v2\/posts\/4423\/revisions\/24954"}],"wp:attachment":[{"href":"https:\/\/blogdoedvaldomagalhaes.com.br\/index.php\/wp-json\/wp\/v2\/media?parent=4423"}],"wp:term":[{"taxonomy":"category","embeddable":true,"href":"https:\/\/blogdoedvaldomagalhaes.com.br\/index.php\/wp-json\/wp\/v2\/categories?post=4423"},{"taxonomy":"post_tag","embeddable":true,"href":"https:\/\/blogdoedvaldomagalhaes.com.br\/index.php\/wp-json\/wp\/v2\/tags?post=4423"}],"curies":[{"name":"wp","href":"https:\/\/api.w.org\/{rel}","templated":true}]}}