{"id":44035,"date":"2019-07-05T00:08:36","date_gmt":"2019-07-05T03:08:36","guid":{"rendered":"http:\/\/blogdoedvaldomagalhaes.com.br\/?p=44035"},"modified":"2019-07-05T00:11:07","modified_gmt":"2019-07-05T03:11:07","slug":"caruaru-recebe-servicos-gratuitos-no-dia-de-cooperar-neste-sabado-6","status":"publish","type":"post","link":"https:\/\/blogdoedvaldomagalhaes.com.br\/index.php\/2019\/07\/05\/caruaru-recebe-servicos-gratuitos-no-dia-de-cooperar-neste-sabado-6\/","title":{"rendered":"Caruaru recebe servi\u00e7os gratuitos no Dia de Cooperar neste s\u00e1bado (6)"},"content":{"rendered":"\n<p><em>Cinco cooperativas e 140 volunt\u00e1rios pretendem beneficiar cerca de tr\u00eas mil pessoas no dia de celebra\u00e7\u00e3o no munic\u00edpio<\/em><\/p>\n\n\n\n<p>Neste s\u00e1bado (06) \u00e9 celebrado o dia internacional do cooperativismo. Para celebrar a data, as cooperativas de Caruaru com o apoio do Servi\u00e7o Nacional de Aprendizagem do Cooperativismo de Pernambuco e diversos parceiros se unem para oferecer diversos servi\u00e7os gratuitos para a comunidade. A a\u00e7\u00e3o ser\u00e1 realizada no bairro Jo\u00e3o Mota, das 9h da manh\u00e3 \u00e0s 14h, no Centro Municipal de Educa\u00e7\u00e3o Infantil \u2013 CIMEI &#8211; Babu. <\/p>\n\n\n\n<p>A programa\u00e7\u00e3o inclui atendimento m\u00e9dico, rodas de conversa, emiss\u00e3o de CPF, espa\u00e7o infantil, orienta\u00e7\u00f5es trabalhista, previdenci\u00e1rio, cadastro e atualiza\u00e7\u00e3o de dados do Bolsa Fam\u00edlia, tarifa social, corte de cabelo, oficina de maquiagem, massagem, aula de zumba. Al\u00e9m de atendimento psicol\u00f3gico, oftalmologista, endocrinologista, pediatria; distribui\u00e7\u00e3o de brindes e muitos outros servi\u00e7os.<\/p>\n\n\n\n<p>Em Caruaru, cinco cooperativas e 140 volunt\u00e1rios pretendem beneficiar cerca de tr\u00eas mil pessoas no dia de celebra\u00e7\u00e3o. \u201cO cooperativismo trabalha na linha de frente do desenvolvimento socioecon\u00f4mico do pa\u00eds. Celebrar as importantes conquistas que tivemos nos \u00faltimos dez anos \u00e9 a prova de que precisamos acender a fagulha do cooperativismo nas pessoas que est\u00e3o \u00e0 nossa volta\u2019\u2019, afirma Malaquias Ancelmo de Oliveira, presidente do Sistema OCB-PE.  <\/p>\n\n\n\n<p>O cooperativismo brasileiro realiza anualmente diversas iniciativas de responsabilidade social em todo pa\u00eds. Por meio do movimento Dia de Cooperar, as cooperativas j\u00e1 realizaram mais de 10 milh\u00f5es de atendimentos, beneficiando milh\u00f5es de pessoas em dez anos. <\/p>\n\n\n\n<figure class=\"wp-block-image\"><img loading=\"lazy\" decoding=\"async\" width=\"722\" height=\"1024\" src=\"http:\/\/blogdoedvaldomagalhaes.com.br\/wp-content\/uploads\/2019\/07\/IMG-20190704-WA0009-722x1024.jpg\" alt=\"\" class=\"wp-image-44038\" srcset=\"https:\/\/blogdoedvaldomagalhaes.com.br\/wp-content\/uploads\/2019\/07\/IMG-20190704-WA0009-722x1024.jpg 722w, https:\/\/blogdoedvaldomagalhaes.com.br\/wp-content\/uploads\/2019\/07\/IMG-20190704-WA0009-211x300.jpg 211w, https:\/\/blogdoedvaldomagalhaes.com.br\/wp-content\/uploads\/2019\/07\/IMG-20190704-WA0009-768x1090.jpg 768w, https:\/\/blogdoedvaldomagalhaes.com.br\/wp-content\/uploads\/2019\/07\/IMG-20190704-WA0009.jpg 874w\" sizes=\"auto, (max-width: 722px) 100vw, 722px\" \/><\/figure>\n\n\n\n<p><em>Sobre o Dia C<\/em>&#8211; O Dia C \u00e9 um movimento nacional de est\u00edmulo \u00e0s iniciativas volunt\u00e1rias diferenciadas, cont\u00ednuas e transformadoras, realizadas por cooperativas. Dez anos ap\u00f3s sua cria\u00e7\u00e3o, o movimento j\u00e1 faz parte da agenda estrat\u00e9gica do cooperativismo brasileiro e transforma realidades em todo o Brasil.<\/p>\n\n\n\n<p><em>N\u00fameros<\/em>&#8211; Em 2018, 1.706 cooperativas, com o apoio de quase 120 mil volunt\u00e1rios, dedicaram tempo, talento e trabalho para beneficiar mais de 2,2 milh\u00f5es de pessoas com iniciativas que melhoram a qualidade de vida, a sa\u00fade, a educa\u00e7\u00e3o, o meio ambiente e que est\u00e3o alinhadas aos ODS da ONU.<\/p>\n","protected":false},"excerpt":{"rendered":"<p>Cinco cooperativas e 140 volunt\u00e1rios pretendem beneficiar cerca de tr\u00eas mil pessoas no dia de celebra\u00e7\u00e3o no munic\u00edpio Neste s\u00e1bado&hellip;<\/p>\n","protected":false},"author":1,"featured_media":44036,"comment_status":"closed","ping_status":"open","sticky":false,"template":"","format":"standard","meta":{"footnotes":""},"categories":[14120],"tags":[2,15549],"class_list":["post-44035","post","type-post","status-publish","format-standard","has-post-thumbnail","hentry","category-noticias","tag-blog-do-edvaldo-magalhaes","tag-caruaru-recebe-servicos-gratuitos-no-dia-de-cooperar-neste-sabado-6"],"_links":{"self":[{"href":"https:\/\/blogdoedvaldomagalhaes.com.br\/index.php\/wp-json\/wp\/v2\/posts\/44035","targetHints":{"allow":["GET"]}}],"collection":[{"href":"https:\/\/blogdoedvaldomagalhaes.com.br\/index.php\/wp-json\/wp\/v2\/posts"}],"about":[{"href":"https:\/\/blogdoedvaldomagalhaes.com.br\/index.php\/wp-json\/wp\/v2\/types\/post"}],"author":[{"embeddable":true,"href":"https:\/\/blogdoedvaldomagalhaes.com.br\/index.php\/wp-json\/wp\/v2\/users\/1"}],"replies":[{"embeddable":true,"href":"https:\/\/blogdoedvaldomagalhaes.com.br\/index.php\/wp-json\/wp\/v2\/comments?post=44035"}],"version-history":[{"count":2,"href":"https:\/\/blogdoedvaldomagalhaes.com.br\/index.php\/wp-json\/wp\/v2\/posts\/44035\/revisions"}],"predecessor-version":[{"id":44039,"href":"https:\/\/blogdoedvaldomagalhaes.com.br\/index.php\/wp-json\/wp\/v2\/posts\/44035\/revisions\/44039"}],"wp:featuredmedia":[{"embeddable":true,"href":"https:\/\/blogdoedvaldomagalhaes.com.br\/index.php\/wp-json\/wp\/v2\/media\/44036"}],"wp:attachment":[{"href":"https:\/\/blogdoedvaldomagalhaes.com.br\/index.php\/wp-json\/wp\/v2\/media?parent=44035"}],"wp:term":[{"taxonomy":"category","embeddable":true,"href":"https:\/\/blogdoedvaldomagalhaes.com.br\/index.php\/wp-json\/wp\/v2\/categories?post=44035"},{"taxonomy":"post_tag","embeddable":true,"href":"https:\/\/blogdoedvaldomagalhaes.com.br\/index.php\/wp-json\/wp\/v2\/tags?post=44035"}],"curies":[{"name":"wp","href":"https:\/\/api.w.org\/{rel}","templated":true}]}}