{"id":44032,"date":"2019-07-04T21:21:15","date_gmt":"2019-07-05T00:21:15","guid":{"rendered":"http:\/\/blogdoedvaldomagalhaes.com.br\/?p=44032"},"modified":"2019-07-04T21:21:16","modified_gmt":"2019-07-05T00:21:16","slug":"camara-de-caruaru-analisou-mais-de-1200-proposituras-no-primeiro-semestre-de-2019","status":"publish","type":"post","link":"https:\/\/blogdoedvaldomagalhaes.com.br\/index.php\/2019\/07\/04\/camara-de-caruaru-analisou-mais-de-1200-proposituras-no-primeiro-semestre-de-2019\/","title":{"rendered":"C\u00e2mara de Caruaru analisou mais de  1200 proposituras no primeiro semestre de 2019"},"content":{"rendered":"\n<p>Durante o primeiro semestre de 2019 a C\u00e2mara Municipal de Caruaru foi palco para a discuss\u00e3o e aprova\u00e7\u00e3o de mais de 1.200 proposituras entre projetos de lei, requerimentos e indica\u00e7\u00f5es que beneficiaram o munic\u00edpio. S\u00f3 nos primeiros seis meses do ano, os parlamentares deliberaram sobre 1.244 requerimentos, 81 indica\u00e7\u00f5es e 134 projetos de lei.<\/p>\n\n\n\n<p>Projeto de Lei, como o que beneficiou os mototaxistas com o aumento do tempo de vida \u00fatil dos ve\u00edculos, por exemplo, marcou as decis\u00f5es do semestre. Outra grande iniciativa aprovada pelos parlamentares foi a proibi\u00e7\u00e3o do uso de canudos pl\u00e1sticos em Caruaru, contribuindo com a preserva\u00e7\u00e3o do meio ambiente, projeto aprovado em unanimidade pelo plen\u00e1rio da Casa.<\/p>\n\n\n\n<p>A C\u00e2mara tamb\u00e9m aprovou o aumento do piso dos agentes de sa\u00fade de Caruaru, que estava h\u00e1 cinco anos congelado, reajuste dos m\u00e9dicos, enfermeiros e o Plano de Cargos e Carreiras (PCC) da Destra.<\/p>\n\n\n\n<p>A pauta que trata sobre o bem estar animal ganhou destaque, j\u00e1 que agora os pets dom\u00e9sticos podem ser transportados nos \u00f4nibus da cidade, poupando o tempo e o dinheiro de quem n\u00e3o pode pagar um transporte individual.<\/p>\n\n\n\n<p>Comiss\u00f5es<\/p>\n\n\n\n<p>As comiss\u00f5es parlamentares tamb\u00e9m tiveram papel importante nas an\u00e1lises e discuss\u00f5es com a participa\u00e7\u00e3o dos vereadores, o corpo jur\u00eddico e os profissionais das \u00e1reas discutidas, como sindicatos e representantes do Poder Executivo.  Foram 469 pareceres dados nos seis primeiros meses de 2019.<\/p>\n\n\n\n<p>Transpar\u00eancia<\/p>\n\n\n\n<p>A Casa Jornalista Jos\u00e9 Carlos Flor\u00eancio foi destaque mais uma vez no ranking de transpar\u00eancia do Tribunal de Contas do Estado (TCE). O ITPME (\u00edndice de transpar\u00eancia das C\u00e2maras Municipais de Pernambuco), criado pelo TCE, apontou a Casa Jornalista Jos\u00e9 Carlos Flor\u00eancio como a quinta C\u00e2mara mais transparente, assim como em 2017 \u2013 ficando na frente de munic\u00edpios como Recife, Olinda e Jaboat\u00e3o dos Guararapes.<\/p>\n\n\n\n<p>\u201cN\u00f3s estamos com um sentimento de dever cumprido diante da sociedade de Caruaru, porque a C\u00e2mara de Vereadores n\u00e3o s\u00f3 autorizou como deu poder para o Poder Executivo, no caso a Prefeitura, de elaborar projetos e trabalhar em fun\u00e7\u00e3o da sociedade, como tamb\u00e9m vem abrindo as portas para que os sindicatos, as entidades representadas por diretorias e a sociedade como um todo, estar presente aqui na casa. Tivemos debates importantes com v\u00e1rias categorias&#8221; destaca o Presidente da C\u00e2mara, vereador Lula T\u00f4rres.<\/p>\n\n\n\n<p>Foto: Vladimir Barreto.<\/p>\n","protected":false},"excerpt":{"rendered":"<p>Durante o primeiro semestre de 2019 a C\u00e2mara Municipal de Caruaru foi palco para a discuss\u00e3o e aprova\u00e7\u00e3o de mais&hellip;<\/p>\n","protected":false},"author":1,"featured_media":44033,"comment_status":"closed","ping_status":"open","sticky":false,"template":"","format":"standard","meta":{"footnotes":""},"categories":[14122],"tags":[2,15548],"class_list":["post-44032","post","type-post","status-publish","format-standard","has-post-thumbnail","hentry","category-politica","tag-blog-do-edvaldo-magalhaes","tag-camara-de-caruaru-analisou-mais-de-1200-proposituras-no-primeiro-semestre-de-2019"],"_links":{"self":[{"href":"https:\/\/blogdoedvaldomagalhaes.com.br\/index.php\/wp-json\/wp\/v2\/posts\/44032","targetHints":{"allow":["GET"]}}],"collection":[{"href":"https:\/\/blogdoedvaldomagalhaes.com.br\/index.php\/wp-json\/wp\/v2\/posts"}],"about":[{"href":"https:\/\/blogdoedvaldomagalhaes.com.br\/index.php\/wp-json\/wp\/v2\/types\/post"}],"author":[{"embeddable":true,"href":"https:\/\/blogdoedvaldomagalhaes.com.br\/index.php\/wp-json\/wp\/v2\/users\/1"}],"replies":[{"embeddable":true,"href":"https:\/\/blogdoedvaldomagalhaes.com.br\/index.php\/wp-json\/wp\/v2\/comments?post=44032"}],"version-history":[{"count":1,"href":"https:\/\/blogdoedvaldomagalhaes.com.br\/index.php\/wp-json\/wp\/v2\/posts\/44032\/revisions"}],"predecessor-version":[{"id":44034,"href":"https:\/\/blogdoedvaldomagalhaes.com.br\/index.php\/wp-json\/wp\/v2\/posts\/44032\/revisions\/44034"}],"wp:featuredmedia":[{"embeddable":true,"href":"https:\/\/blogdoedvaldomagalhaes.com.br\/index.php\/wp-json\/wp\/v2\/media\/44033"}],"wp:attachment":[{"href":"https:\/\/blogdoedvaldomagalhaes.com.br\/index.php\/wp-json\/wp\/v2\/media?parent=44032"}],"wp:term":[{"taxonomy":"category","embeddable":true,"href":"https:\/\/blogdoedvaldomagalhaes.com.br\/index.php\/wp-json\/wp\/v2\/categories?post=44032"},{"taxonomy":"post_tag","embeddable":true,"href":"https:\/\/blogdoedvaldomagalhaes.com.br\/index.php\/wp-json\/wp\/v2\/tags?post=44032"}],"curies":[{"name":"wp","href":"https:\/\/api.w.org\/{rel}","templated":true}]}}