{"id":44016,"date":"2019-07-04T20:46:43","date_gmt":"2019-07-04T23:46:43","guid":{"rendered":"http:\/\/blogdoedvaldomagalhaes.com.br\/?p=44016"},"modified":"2019-07-05T00:48:22","modified_gmt":"2019-07-05T03:48:22","slug":"jovem-assassinado-a-tiros-em-caruaru-nesta-quinta-4","status":"publish","type":"post","link":"https:\/\/blogdoedvaldomagalhaes.com.br\/index.php\/2019\/07\/04\/jovem-assassinado-a-tiros-em-caruaru-nesta-quinta-4\/","title":{"rendered":"Jovem assassinado a tiros em Caruaru nesta quinta (4)"},"content":{"rendered":"\n<p>O crime de morte ocorreu na noite desta quinta-feira(4), por volta das 19h, entre as ruas Goi\u00e1s e Boa vista, no bairro Riach\u00e3o, em Caruaru. Segundo informa\u00e7\u00f5es, a v\u00edtima identificada por Hiago Caio Torres de Oliveira, de 19 anos de idade, foi alvejado por disparos de arma de fogo, e veio a \u00f3bito no local. A equipe do Sargento Melo, do 1\u00b0 Biesp, esteve no local do crime, onde fez o isolamento e aguardou a chegada do IC, para o levantamento cadav\u00e9rico. O corpo ser\u00e1 encaminhado para o IML de Caruaru.<\/p>\n\n\n\n<figure class=\"wp-block-image\"><img loading=\"lazy\" decoding=\"async\" width=\"599\" height=\"881\" src=\"http:\/\/blogdoedvaldomagalhaes.com.br\/wp-content\/uploads\/2019\/07\/IMG-20190704-WA0105.jpg\" alt=\"\" class=\"wp-image-44018\" srcset=\"https:\/\/blogdoedvaldomagalhaes.com.br\/wp-content\/uploads\/2019\/07\/IMG-20190704-WA0105.jpg 599w, https:\/\/blogdoedvaldomagalhaes.com.br\/wp-content\/uploads\/2019\/07\/IMG-20190704-WA0105-204x300.jpg 204w\" sizes=\"auto, (max-width: 599px) 100vw, 599px\" \/><\/figure>\n\n\n\n<p>Este foi o terceiro homic\u00eddio do m\u00eas de julho em Caruaru. Neste ano de 2019 s\u00e3o 92 assassinatos no munic\u00edpio.<\/p>\n\n\n\n<p>Informa\u00e7\u00f5es e fotos: Kalebe Pereira.<\/p>\n","protected":false},"excerpt":{"rendered":"<p>O crime de morte ocorreu na noite desta quinta-feira(4), por volta das 19h, entre as ruas Goi\u00e1s e Boa vista,&hellip;<\/p>\n","protected":false},"author":1,"featured_media":44017,"comment_status":"closed","ping_status":"open","sticky":false,"template":"","format":"standard","meta":{"footnotes":""},"categories":[14121],"tags":[2,15547],"class_list":["post-44016","post","type-post","status-publish","format-standard","has-post-thumbnail","hentry","category-policial","tag-blog-do-edvaldo-magalhaes","tag-jovem-assassinado-a-tiros-em-caruaru-nesta-quinta-4"],"_links":{"self":[{"href":"https:\/\/blogdoedvaldomagalhaes.com.br\/index.php\/wp-json\/wp\/v2\/posts\/44016","targetHints":{"allow":["GET"]}}],"collection":[{"href":"https:\/\/blogdoedvaldomagalhaes.com.br\/index.php\/wp-json\/wp\/v2\/posts"}],"about":[{"href":"https:\/\/blogdoedvaldomagalhaes.com.br\/index.php\/wp-json\/wp\/v2\/types\/post"}],"author":[{"embeddable":true,"href":"https:\/\/blogdoedvaldomagalhaes.com.br\/index.php\/wp-json\/wp\/v2\/users\/1"}],"replies":[{"embeddable":true,"href":"https:\/\/blogdoedvaldomagalhaes.com.br\/index.php\/wp-json\/wp\/v2\/comments?post=44016"}],"version-history":[{"count":2,"href":"https:\/\/blogdoedvaldomagalhaes.com.br\/index.php\/wp-json\/wp\/v2\/posts\/44016\/revisions"}],"predecessor-version":[{"id":44052,"href":"https:\/\/blogdoedvaldomagalhaes.com.br\/index.php\/wp-json\/wp\/v2\/posts\/44016\/revisions\/44052"}],"wp:featuredmedia":[{"embeddable":true,"href":"https:\/\/blogdoedvaldomagalhaes.com.br\/index.php\/wp-json\/wp\/v2\/media\/44017"}],"wp:attachment":[{"href":"https:\/\/blogdoedvaldomagalhaes.com.br\/index.php\/wp-json\/wp\/v2\/media?parent=44016"}],"wp:term":[{"taxonomy":"category","embeddable":true,"href":"https:\/\/blogdoedvaldomagalhaes.com.br\/index.php\/wp-json\/wp\/v2\/categories?post=44016"},{"taxonomy":"post_tag","embeddable":true,"href":"https:\/\/blogdoedvaldomagalhaes.com.br\/index.php\/wp-json\/wp\/v2\/tags?post=44016"}],"curies":[{"name":"wp","href":"https:\/\/api.w.org\/{rel}","templated":true}]}}