{"id":44003,"date":"2019-07-04T18:45:16","date_gmt":"2019-07-04T21:45:16","guid":{"rendered":"http:\/\/blogdoedvaldomagalhaes.com.br\/?p=44003"},"modified":"2019-07-04T19:53:59","modified_gmt":"2019-07-04T22:53:59","slug":"central-de-caruaru-vai-realizar-peneirao-neste-sabado-6-e-empresta-tres-atletas","status":"publish","type":"post","link":"https:\/\/blogdoedvaldomagalhaes.com.br\/index.php\/2019\/07\/04\/central-de-caruaru-vai-realizar-peneirao-neste-sabado-6-e-empresta-tres-atletas\/","title":{"rendered":"Central de Caruaru vai realizar peneir\u00e3o neste s\u00e1bado (6) e empresta tr\u00eas atletas"},"content":{"rendered":"\n<p><em>Nota<\/em><\/p>\n\n\n\n<p>Informamos que no pr\u00f3ximo s\u00e1bado (13), a partir das 9h, no Est\u00e1dio Lacerd\u00e3o, o clube promover\u00e1 uma peneira para atletas nascidos entre 1999 e 2004. As inscri\u00e7\u00f5es podem ser realizadas na secretaria do Central Sport Club, localizada na Avenida Agamenon Magalh\u00e3es, n\u00b0425. O valor para a inscri\u00e7\u00e3o \u00e9 de R$20.00.<\/p>\n\n\n\n<p>Atenciosamente: Departamento de Comunica\u00e7\u00e3o do Central Sport Club.<\/p>\n\n\n\n<figure class=\"wp-block-image\"><img loading=\"lazy\" decoding=\"async\" width=\"576\" height=\"1024\" src=\"http:\/\/blogdoedvaldomagalhaes.com.br\/wp-content\/uploads\/2019\/07\/IMG-20190704-WA0097-576x1024.jpg\" alt=\"\" class=\"wp-image-44004\" srcset=\"https:\/\/blogdoedvaldomagalhaes.com.br\/wp-content\/uploads\/2019\/07\/IMG-20190704-WA0097-576x1024.jpg 576w, https:\/\/blogdoedvaldomagalhaes.com.br\/wp-content\/uploads\/2019\/07\/IMG-20190704-WA0097-169x300.jpg 169w, https:\/\/blogdoedvaldomagalhaes.com.br\/wp-content\/uploads\/2019\/07\/IMG-20190704-WA0097.jpg 720w\" sizes=\"auto, (max-width: 576px) 100vw, 576px\" \/><\/figure>\n\n\n\n<p><em>Nota<\/em><\/p>\n\n\n\n<p>Informamos que tr\u00eas atletas do Central Sport Club foram emprestados a equipes que disputar\u00e3o o Campeonato Pernambucano S\u00e9rie A2 2019. O lateral-esquerdo Wendel Nery atuar\u00e1 pelo Porto, j\u00e1 o meia Idevam e o atacante Ca\u00edque foram cedidos ao Ipojuca.<\/p>\n\n\n\n<p>Sendo assim, o Alvinegro Caruaruense valoriza os jogadores pratas-da-casa, no intuito de permanecerem em atividade durante a disputa da competi\u00e7\u00e3o estadual.<\/p>\n\n\n\n<p>Comunica\u00e7\u00e3o Central Sport Club<\/p>\n\n\n\n<p><em>Nota<\/em><\/p>\n\n\n\n<p>Informamos que o v\u00ednculo entre o Central Sport Club e o lateral-direito Leanderson Polegar, foi renovado at\u00e9 dezembro de 2020. Desde o in\u00edcio da temporada no clube, o jogador foi um dos principais destaques na campanha do Alvinegro Caruaruense no Campeonato Brasileiro da S\u00e9rie D 2019.<br>\nDessa maneira, o intuito do Maior do Interior \u00e9 continuar com uma base forte, j\u00e1 pensando no pr\u00f3ximo ano.<\/p>\n\n\n\n<p>Atenciosamente: Departamento de Comunica\u00e7\u00e3o do Central Sport Club.<\/p>\n","protected":false},"excerpt":{"rendered":"<p>Nota Informamos que no pr\u00f3ximo s\u00e1bado (13), a partir das 9h, no Est\u00e1dio Lacerd\u00e3o, o clube promover\u00e1 uma peneira para&hellip;<\/p>\n","protected":false},"author":1,"featured_media":44006,"comment_status":"closed","ping_status":"open","sticky":false,"template":"","format":"standard","meta":{"footnotes":""},"categories":[14124],"tags":[2,15545],"class_list":["post-44003","post","type-post","status-publish","format-standard","has-post-thumbnail","hentry","category-centralsc","tag-blog-do-edvaldo-magalhaes","tag-central-de-caruaru-vai-realizar-peneirao-neste-sabado-6-e-empresta-tres-atletas"],"_links":{"self":[{"href":"https:\/\/blogdoedvaldomagalhaes.com.br\/index.php\/wp-json\/wp\/v2\/posts\/44003","targetHints":{"allow":["GET"]}}],"collection":[{"href":"https:\/\/blogdoedvaldomagalhaes.com.br\/index.php\/wp-json\/wp\/v2\/posts"}],"about":[{"href":"https:\/\/blogdoedvaldomagalhaes.com.br\/index.php\/wp-json\/wp\/v2\/types\/post"}],"author":[{"embeddable":true,"href":"https:\/\/blogdoedvaldomagalhaes.com.br\/index.php\/wp-json\/wp\/v2\/users\/1"}],"replies":[{"embeddable":true,"href":"https:\/\/blogdoedvaldomagalhaes.com.br\/index.php\/wp-json\/wp\/v2\/comments?post=44003"}],"version-history":[{"count":2,"href":"https:\/\/blogdoedvaldomagalhaes.com.br\/index.php\/wp-json\/wp\/v2\/posts\/44003\/revisions"}],"predecessor-version":[{"id":44015,"href":"https:\/\/blogdoedvaldomagalhaes.com.br\/index.php\/wp-json\/wp\/v2\/posts\/44003\/revisions\/44015"}],"wp:featuredmedia":[{"embeddable":true,"href":"https:\/\/blogdoedvaldomagalhaes.com.br\/index.php\/wp-json\/wp\/v2\/media\/44006"}],"wp:attachment":[{"href":"https:\/\/blogdoedvaldomagalhaes.com.br\/index.php\/wp-json\/wp\/v2\/media?parent=44003"}],"wp:term":[{"taxonomy":"category","embeddable":true,"href":"https:\/\/blogdoedvaldomagalhaes.com.br\/index.php\/wp-json\/wp\/v2\/categories?post=44003"},{"taxonomy":"post_tag","embeddable":true,"href":"https:\/\/blogdoedvaldomagalhaes.com.br\/index.php\/wp-json\/wp\/v2\/tags?post=44003"}],"curies":[{"name":"wp","href":"https:\/\/api.w.org\/{rel}","templated":true}]}}