{"id":44000,"date":"2019-07-04T18:34:41","date_gmt":"2019-07-04T21:34:41","guid":{"rendered":"http:\/\/blogdoedvaldomagalhaes.com.br\/?p=44000"},"modified":"2019-07-04T18:34:47","modified_gmt":"2019-07-04T21:34:47","slug":"artesas-expoem-na-feneart-com-apoio-da-prefeitura-de-caruaru","status":"publish","type":"post","link":"https:\/\/blogdoedvaldomagalhaes.com.br\/index.php\/2019\/07\/04\/artesas-expoem-na-feneart-com-apoio-da-prefeitura-de-caruaru\/","title":{"rendered":"Artes\u00e3s exp\u00f5em na Feneart com apoio da Prefeitura de Caruaru"},"content":{"rendered":"\n<p>As representantes da \u201cCapital do Agreste\u201d participam do evento que segue at\u00e9 o dia 14 deste m\u00eas<\/p>\n\n\n\n<p>Dez artes\u00e3s acompanhadas pela Prefeitura de Caruaru, atrav\u00e9s da Secretaria de Pol\u00edticas para Mulheres (SPM), est\u00e3o participando da 20\u00aa edi\u00e7\u00e3o da FENEART, a maior feira de artesanato da Am\u00e9rica Latina. O evento iniciou nesta quarta-feira (03) e segue at\u00e9 o dia 14 de julho no Centro de Conven\u00e7\u00f5es, em Olinda \u2013 PE. As representantes da \u201cCapital do Agreste\u201d est\u00e3o expondo e comercializando seus trabalhos no stand do IMP (Instituto Maria da Penha), de n\u00famero 581, que fica na Rua 21. Entre os produtos est\u00e3o almofadas, tapetes, redes de croch\u00ea, brincos, colares, tiaras, sabonetes e aromatizantes de ambientes, quadros, artigos de decora\u00e7\u00e3o e bolsas. \u00c9 o segundo ano de parceria da SPM com o IMP, atrav\u00e9s de convite feito \u00e0s mulheres v\u00edtimas de viol\u00eancia atendidas pelo CRMMB de Caruaru (Centro de Refer\u00eancia da Mulher Maria Bonita).<\/p>\n\n\n\n<p>O grupo \u00e9 acompanhado pelo CRMMB e passou pelos cursos de artesanato e customiza\u00e7\u00e3o oferecidos pelo projeto \u201cMulher Empreendedora\u201d da SPM, atrav\u00e9s do eixo de Pol\u00edticas de Cidadania e Qualidade de Vida. O projeto promove feiras pontuais e oferece \u00e0s participantes diversas forma\u00e7\u00f5es, entre elas, as capacita\u00e7\u00f5es realizadas com tem\u00e1ticas voltadas ao direito do consumidor, Lei Geral do MEI, educa\u00e7\u00e3o financeira, atendimento ao cliente e marketing digital. \u201cA import\u00e2ncia desse projeto \u00e9 incentivar o empoderamento e a autonomia econ\u00f4mica das mulheres atrav\u00e9s do empreendedorismo, buscando tamb\u00e9m o incentivo para a comercializa\u00e7\u00e3o dos produtos e servi\u00e7os que s\u00e3o fruto das a\u00e7\u00f5es promovidas por elas\u201d, destacou a secret\u00e1ria da SPM, Juliana Gouveia.<\/p>\n\n\n\n<p>A Fenearte funciona de segunda \u00e0 sexta, das 14h \u00e0s 22h, e nos s\u00e1bados e domingos, das 10h \u00e0s 22h. Os ingressos custam R$ 10 inteira e R$ 5 meia, de segunda \u00e0 quinta, e R$ 12 inteira e R$ 6 meia, de sexta \u00e0 domingo.<\/p>\n","protected":false},"excerpt":{"rendered":"<p>As representantes da \u201cCapital do Agreste\u201d participam do evento que segue at\u00e9 o dia 14 deste m\u00eas Dez artes\u00e3s acompanhadas&hellip;<\/p>\n","protected":false},"author":1,"featured_media":44001,"comment_status":"closed","ping_status":"open","sticky":false,"template":"","format":"standard","meta":{"footnotes":""},"categories":[14120],"tags":[15544,2],"class_list":["post-44000","post","type-post","status-publish","format-standard","has-post-thumbnail","hentry","category-noticias","tag-artesas-expoem-na-feneart-com-apoio-da-prefeitura-de-caruaru","tag-blog-do-edvaldo-magalhaes"],"_links":{"self":[{"href":"https:\/\/blogdoedvaldomagalhaes.com.br\/index.php\/wp-json\/wp\/v2\/posts\/44000","targetHints":{"allow":["GET"]}}],"collection":[{"href":"https:\/\/blogdoedvaldomagalhaes.com.br\/index.php\/wp-json\/wp\/v2\/posts"}],"about":[{"href":"https:\/\/blogdoedvaldomagalhaes.com.br\/index.php\/wp-json\/wp\/v2\/types\/post"}],"author":[{"embeddable":true,"href":"https:\/\/blogdoedvaldomagalhaes.com.br\/index.php\/wp-json\/wp\/v2\/users\/1"}],"replies":[{"embeddable":true,"href":"https:\/\/blogdoedvaldomagalhaes.com.br\/index.php\/wp-json\/wp\/v2\/comments?post=44000"}],"version-history":[{"count":1,"href":"https:\/\/blogdoedvaldomagalhaes.com.br\/index.php\/wp-json\/wp\/v2\/posts\/44000\/revisions"}],"predecessor-version":[{"id":44002,"href":"https:\/\/blogdoedvaldomagalhaes.com.br\/index.php\/wp-json\/wp\/v2\/posts\/44000\/revisions\/44002"}],"wp:featuredmedia":[{"embeddable":true,"href":"https:\/\/blogdoedvaldomagalhaes.com.br\/index.php\/wp-json\/wp\/v2\/media\/44001"}],"wp:attachment":[{"href":"https:\/\/blogdoedvaldomagalhaes.com.br\/index.php\/wp-json\/wp\/v2\/media?parent=44000"}],"wp:term":[{"taxonomy":"category","embeddable":true,"href":"https:\/\/blogdoedvaldomagalhaes.com.br\/index.php\/wp-json\/wp\/v2\/categories?post=44000"},{"taxonomy":"post_tag","embeddable":true,"href":"https:\/\/blogdoedvaldomagalhaes.com.br\/index.php\/wp-json\/wp\/v2\/tags?post=44000"}],"curies":[{"name":"wp","href":"https:\/\/api.w.org\/{rel}","templated":true}]}}