{"id":44,"date":"2019-02-05T15:01:00","date_gmt":"2019-02-05T17:01:00","guid":{"rendered":"http:\/\/blogdoedvaldomagalhaes.com.br\/index.php\/2019\/02\/05\/preso-acusado-de-tentar-aplicar-golpe\/"},"modified":"2019-02-10T10:24:54","modified_gmt":"2019-02-10T13:24:54","slug":"preso-acusado-de-tentar-aplicar-golpe","status":"publish","type":"post","link":"https:\/\/blogdoedvaldomagalhaes.com.br\/index.php\/2019\/02\/05\/preso-acusado-de-tentar-aplicar-golpe\/","title":{"rendered":"Preso acusado de tentar aplicar golpe em ag\u00eancia banc\u00e1ria de Caruaru"},"content":{"rendered":"<div class=\"separator\" style=\"clear: both; text-align: center;\">\n<a href=\"https:\/\/3.bp.blogspot.com\/-fK4M1WtBNFQ\/XFmlIKJyVOI\/AAAAAAABCAc\/oeRxVtu7WKEw07G4z5DJAC6RVoGTcKJbwCLcBGAs\/s1600\/blog.jpg\" imageanchor=\"1\" style=\"margin-left: 1em; margin-right: 1em;\"><img loading=\"lazy\" decoding=\"async\" border=\"0\" data-original-height=\"198\" data-original-width=\"300\" height=\"422\" src=\"http:\/\/blogdoedvaldomagalhaes.com.br\/wp-content\/uploads\/2019\/02\/blog.jpg\" width=\"640\"><\/a><\/div>\n<div class=\"separator\" style=\"clear: both; text-align: center;\">\nFoto: Blog do Adielson Galv\u00e3o<\/div>\n<div style=\"background-color: white; box-sizing: border-box; line-height: 24px; margin-bottom: 10px; text-align: justify;\"><\/div>\n<div style=\"background-color: white; box-sizing: border-box; line-height: 24px; margin-bottom: 10px; text-align: justify;\">\nO fato correu na ag\u00eancia do Banco do Brasil, na rua Jo\u00e3o Cond\u00e9, no centro de Caruaru, na tarde dessa segunda-feira (04). Segundo informa\u00e7\u00f5es dos Cabos Edeilson e Deivis, um homem tentou aplicar um golpe dentro da ag\u00eancia banc\u00e1ria. Luciano de Souza Silva, 24 anos, residente em Petrolina, no sert\u00e3o de Pernambuco, \u00e9 acusado de trocar envelopes cheios de papeis por envelopes com dinheiro de correntistas do banco.<\/div>\n<div style=\"background-color: white; box-sizing: border-box; line-height: 24px; margin-bottom: 10px; text-align: justify;\">\nO acusado foi preso em flagrante pela Pol\u00edcia Militar e levado para o Plant\u00e3o da 3\u00aa Delegacia, onde foi autuado em flagrante.<\/p>\n<\/div>\n","protected":false},"excerpt":{"rendered":"<p>Foto: Blog do Adielson Galv\u00e3o O fato correu na ag\u00eancia do Banco do Brasil, na rua Jo\u00e3o Cond\u00e9, no centro&hellip;<\/p>\n","protected":false},"author":1,"featured_media":0,"comment_status":"open","ping_status":"open","sticky":false,"template":"","format":"standard","meta":{"footnotes":""},"categories":[14121],"tags":[2,13,51],"class_list":["post-44","post","type-post","status-publish","format-standard","hentry","category-policial","tag-blog-do-edvaldo-magalhaes","tag-policial","tag-preso-acusado-de-tentar-aplicar-golpe-em-agencia-bancaria-de-caruaru"],"_links":{"self":[{"href":"https:\/\/blogdoedvaldomagalhaes.com.br\/index.php\/wp-json\/wp\/v2\/posts\/44","targetHints":{"allow":["GET"]}}],"collection":[{"href":"https:\/\/blogdoedvaldomagalhaes.com.br\/index.php\/wp-json\/wp\/v2\/posts"}],"about":[{"href":"https:\/\/blogdoedvaldomagalhaes.com.br\/index.php\/wp-json\/wp\/v2\/types\/post"}],"author":[{"embeddable":true,"href":"https:\/\/blogdoedvaldomagalhaes.com.br\/index.php\/wp-json\/wp\/v2\/users\/1"}],"replies":[{"embeddable":true,"href":"https:\/\/blogdoedvaldomagalhaes.com.br\/index.php\/wp-json\/wp\/v2\/comments?post=44"}],"version-history":[{"count":2,"href":"https:\/\/blogdoedvaldomagalhaes.com.br\/index.php\/wp-json\/wp\/v2\/posts\/44\/revisions"}],"predecessor-version":[{"id":38219,"href":"https:\/\/blogdoedvaldomagalhaes.com.br\/index.php\/wp-json\/wp\/v2\/posts\/44\/revisions\/38219"}],"wp:attachment":[{"href":"https:\/\/blogdoedvaldomagalhaes.com.br\/index.php\/wp-json\/wp\/v2\/media?parent=44"}],"wp:term":[{"taxonomy":"category","embeddable":true,"href":"https:\/\/blogdoedvaldomagalhaes.com.br\/index.php\/wp-json\/wp\/v2\/categories?post=44"},{"taxonomy":"post_tag","embeddable":true,"href":"https:\/\/blogdoedvaldomagalhaes.com.br\/index.php\/wp-json\/wp\/v2\/tags?post=44"}],"curies":[{"name":"wp","href":"https:\/\/api.w.org\/{rel}","templated":true}]}}