{"id":43997,"date":"2019-07-04T14:54:21","date_gmt":"2019-07-04T17:54:21","guid":{"rendered":"http:\/\/blogdoedvaldomagalhaes.com.br\/?p=43997"},"modified":"2019-07-04T14:54:23","modified_gmt":"2019-07-04T17:54:23","slug":"petistas-se-reunem-em-caruaru-e-defendem-renovacao-na-direcao","status":"publish","type":"post","link":"https:\/\/blogdoedvaldomagalhaes.com.br\/index.php\/2019\/07\/04\/petistas-se-reunem-em-caruaru-e-defendem-renovacao-na-direcao\/","title":{"rendered":"Petistas se re\u00fanem em Caruaru e defendem renova\u00e7\u00e3o na dire\u00e7\u00e3o"},"content":{"rendered":"\n<p><em>Reuni\u00e3o com dezenas de filiados e filiadas, debateu conjuntura pol\u00edtica nacional, atua\u00e7\u00e3o do Partido dos Trabalhadores na cidade.<\/em><\/p>\n\n\n\n<p>Na noite dessa quarta (3), aconteceu uma reuni\u00e3o com petistas em Caruaru. Representantes de diversos segmentos, como vendedores\/as ambulantes, loteiros, bem como organiza\u00e7\u00f5es e movimentos sociais, realizaram importantes debates sobre os cen\u00e1rios pol\u00edticos nacional e mundial, a constante retirada de direitos do atual governo federal e a necessidade da organiza\u00e7\u00e3o petista para este enfrentamento. <\/p>\n\n\n\n<p>Dois outros debates foram realizados na reuni\u00e3o: <em>a import\u00e2ncia da constru\u00e7\u00e3o de candidatura pr\u00f3pria do PT \u00e0 prefeitura de Caruaru<\/em> e o <em>Processo de Elei\u00e7\u00e3o Direta (PED)<\/em>, que elege as dire\u00e7\u00f5es do PT em \u00e2mbito municipal. As dire\u00e7\u00f5es estaduais e nacional ser\u00e3o definidas em congressos. Em decis\u00e3o coletiva e un\u00e2nime, <em>Leonardo Bulh\u00f5es<\/em> foi indicado para disputar a presid\u00eancia do PT em Caruaru.<\/p>\n\n\n\n<p>&#8220;Ser escolhido por unanimidade por um conjunto t\u00e3o grande de experientes e novas lideran\u00e7as do PT \u00e9 um est\u00edmulo a mais para disputarmos os rumos desse partido que est\u00e1 cansado de gente que n\u00e3o luta, n\u00e3o dialoga com os filiados\/as e que s\u00f3 aparece em \u00e9poca de elei\u00e7\u00f5es. Seremos oposi\u00e7\u00e3o ao descaso e a apatia. O PT precisa de renova\u00e7\u00e3o e do resgate de seus princ\u00edpios\u201d, diz Leonardo. <\/p>\n\n\n\n<p>A elei\u00e7\u00e3o municipal para a dire\u00e7\u00e3o do PT, est\u00e1 marcada para o dia <em>8 de setembro<\/em>.<\/p>\n","protected":false},"excerpt":{"rendered":"<p>Reuni\u00e3o com dezenas de filiados e filiadas, debateu conjuntura pol\u00edtica nacional, atua\u00e7\u00e3o do Partido dos Trabalhadores na cidade. Na noite&hellip;<\/p>\n","protected":false},"author":1,"featured_media":43998,"comment_status":"closed","ping_status":"open","sticky":false,"template":"","format":"standard","meta":{"footnotes":""},"categories":[14122],"tags":[2,15542],"class_list":["post-43997","post","type-post","status-publish","format-standard","has-post-thumbnail","hentry","category-politica","tag-blog-do-edvaldo-magalhaes","tag-petistas-se-reunem-em-caruaru-e-defendem-renovacao-na-direcao"],"_links":{"self":[{"href":"https:\/\/blogdoedvaldomagalhaes.com.br\/index.php\/wp-json\/wp\/v2\/posts\/43997","targetHints":{"allow":["GET"]}}],"collection":[{"href":"https:\/\/blogdoedvaldomagalhaes.com.br\/index.php\/wp-json\/wp\/v2\/posts"}],"about":[{"href":"https:\/\/blogdoedvaldomagalhaes.com.br\/index.php\/wp-json\/wp\/v2\/types\/post"}],"author":[{"embeddable":true,"href":"https:\/\/blogdoedvaldomagalhaes.com.br\/index.php\/wp-json\/wp\/v2\/users\/1"}],"replies":[{"embeddable":true,"href":"https:\/\/blogdoedvaldomagalhaes.com.br\/index.php\/wp-json\/wp\/v2\/comments?post=43997"}],"version-history":[{"count":1,"href":"https:\/\/blogdoedvaldomagalhaes.com.br\/index.php\/wp-json\/wp\/v2\/posts\/43997\/revisions"}],"predecessor-version":[{"id":43999,"href":"https:\/\/blogdoedvaldomagalhaes.com.br\/index.php\/wp-json\/wp\/v2\/posts\/43997\/revisions\/43999"}],"wp:featuredmedia":[{"embeddable":true,"href":"https:\/\/blogdoedvaldomagalhaes.com.br\/index.php\/wp-json\/wp\/v2\/media\/43998"}],"wp:attachment":[{"href":"https:\/\/blogdoedvaldomagalhaes.com.br\/index.php\/wp-json\/wp\/v2\/media?parent=43997"}],"wp:term":[{"taxonomy":"category","embeddable":true,"href":"https:\/\/blogdoedvaldomagalhaes.com.br\/index.php\/wp-json\/wp\/v2\/categories?post=43997"},{"taxonomy":"post_tag","embeddable":true,"href":"https:\/\/blogdoedvaldomagalhaes.com.br\/index.php\/wp-json\/wp\/v2\/tags?post=43997"}],"curies":[{"name":"wp","href":"https:\/\/api.w.org\/{rel}","templated":true}]}}