{"id":43994,"date":"2019-07-04T13:07:04","date_gmt":"2019-07-04T16:07:04","guid":{"rendered":"http:\/\/blogdoedvaldomagalhaes.com.br\/?p=43994"},"modified":"2019-07-04T13:07:05","modified_gmt":"2019-07-04T16:07:05","slug":"confira-a-programacao-completa-do-festival-inverno-de-garanhuns-fig-2019","status":"publish","type":"post","link":"https:\/\/blogdoedvaldomagalhaes.com.br\/index.php\/2019\/07\/04\/confira-a-programacao-completa-do-festival-inverno-de-garanhuns-fig-2019\/","title":{"rendered":"Confira a programa\u00e7\u00e3o completa do Festival Inverno de Garanhuns &#8211; FIG 2019"},"content":{"rendered":"<p style=\"text-align: justify;\"><strong>Confira a programa\u00e7\u00e3o musical:<\/strong><\/p>\n<p style=\"text-align: justify;\">\n<p style=\"text-align: justify;\"><strong>PALCO DOMINGUINHOS<\/strong><\/p>\n<p><strong><br \/>\n<\/strong><strong>Sexta-feira (19)<\/strong><\/p>\n<p style=\"text-align: justify;\">20h &#8211; Golden Hits<\/p>\n<p style=\"text-align: justify;\">21h &#8211; Hoje a Noite \u00e9 a Maior &#8211; Homenagem a Biu Roque, com Alessandra Le\u00e3o, Siba, a Fuloresta do Samba, Ca\u00e7apa, Renata Rosa e Juliano Holanda<\/p>\n<p style=\"text-align: justify;\">23h &#8211; Elba Ramalho &#8211; O Ouro do P\u00f3 da Estrada<\/p>\n<p style=\"text-align: justify;\">0h30 &#8211; Show em homenagem \u00e0 Jackson do Pandeiro, com Silv\u00e9rio Pessoa, Geraldo Maia, Lucinha Guerra, Lady Laay, Mari Perif\u00e9rica, Elba Ramalho, Z\u00e9lia Duncan, Maciel Salu e Luiz Fittipaldo.<\/p>\n<p><strong>S\u00e1bado (20)<\/strong><\/p>\n<p style=\"text-align: justify;\">20h &#8211; Amanda Back<\/p>\n<p style=\"text-align: justify;\">21h &#8211; Banda de Pau e Corda (PE)<\/p>\n<p style=\"text-align: justify;\">22h &#8211; Mariana Aydar (SP)<\/p>\n<p style=\"text-align: justify;\">23h &#8211; Z\u00e9lia Duncan (RJ)<\/p>\n<p style=\"text-align: justify;\"><strong><br \/>\nDomingo (21)<\/strong><\/p>\n<p style=\"text-align: justify;\">20h &#8211; Neander<\/p>\n<p style=\"text-align: justify;\">21h &#8211; Karina Buhr (PE)<\/p>\n<p style=\"text-align: justify;\">22h &#8211; Letrux (RJ)<\/p>\n<p style=\"text-align: justify;\">23h &#8211; C\u00e9u<\/p>\n<p><strong>Segunda-feira (22)<\/strong><\/p>\n<p style=\"text-align: justify;\">20h &#8211; Kafuringa e Banda<\/p>\n<p style=\"text-align: justify;\">21h &#8211; Kitara (PE)<\/p>\n<p style=\"text-align: justify;\">22h &#8211; Amigas Do Brega (PE)<\/p>\n<p style=\"text-align: justify;\">23h30 &#8211; Priscila Senna (PE)<\/p>\n<p><strong>Ter\u00e7a-feira (23)<\/strong><\/p>\n<p style=\"text-align: justify;\">20h &#8211; Nando Azevedo<\/p>\n<p style=\"text-align: justify;\">21h &#8211; Anast\u00e1cia e Terezinha Do Acordeon (Espet\u00e1culo O Amor De Anast\u00e1cia) &#8211; SP\/PE<\/p>\n<p style=\"text-align: justify;\">22h &#8211; Maciel Melo (PE)<\/p>\n<p style=\"text-align: justify;\">23h30 &#8211; Roberta Miranda (PB)<\/p>\n<p><strong>Quarta-feira (24)<\/strong><\/p>\n<p style=\"text-align: justify;\">20h &#8211; Hercinho (PE)<\/p>\n<p style=\"text-align: justify;\">21h &#8211; Amaro Freitas (PE)<\/p>\n<p style=\"text-align: justify;\">22h &#8211; Otto (PE)<\/p>\n<p style=\"text-align: justify;\">23h30 &#8211; Lenine (PE)<\/p>\n<p><strong>Quinta-feira (25)<\/strong><\/p>\n<p style=\"text-align: justify;\">20h &#8211; Celino Melo (PE)<\/p>\n<p style=\"text-align: justify;\">21h &#8211; Cl\u00e1udio Rabeca (Participa\u00e7\u00e3o de Nicolas Krassik, Rafael Marques, Juliano Holanda e Grupo Bongar)<\/p>\n<p style=\"text-align: justify;\">22h &#8211; Tony Garrido (RJ)<\/p>\n<p style=\"text-align: justify;\">23h30 &#8211; Faf\u00e1 De Bel\u00e9m e Guitarradas Do Par\u00e1 (PA)<\/p>\n<p><strong>Sexta-feira (26)<\/strong><\/p>\n<p style=\"text-align: justify;\">20h &#8211; Belo Xis (PE)<\/p>\n<p style=\"text-align: justify;\">21h30 &#8211; Carla Rio (PE)<\/p>\n<p style=\"text-align: justify;\">23h &#8211; Gerlane Lops (PE)<\/p>\n<p style=\"text-align: justify;\">0h30 &#8211; Alcione (MA)<\/p>\n<p><strong>S\u00e1bado (27)<\/strong><\/p>\n<p style=\"text-align: justify;\">20h &#8211; Andrea Amorim<\/p>\n<p style=\"text-align: justify;\">21h &#8211; Maciel Salu (PE)<\/p>\n<p style=\"text-align: justify;\">22h &#8211; Mundo Livre (PE)<\/p>\n<p style=\"text-align: justify;\">23h &#8211; Mariene de Castro (BA)<\/p>\n<p style=\"text-align: justify;\">0h30 &#8211; Maria Rita<\/p>\n<p style=\"text-align: justify;\"><strong><br \/>\nPALCO POP<\/strong><\/p>\n<p style=\"text-align: justify;\"><strong><br \/>\nTer\u00e7a-feira (23)<\/strong><\/p>\n<p style=\"text-align: justify;\">17h &#8211; Banda Primeiro Andar (PE)<\/p>\n<p style=\"text-align: justify;\">18h &#8211; Cassio Oli (PE)<\/p>\n<p style=\"text-align: justify;\">19h &#8211; Cac\u00e1 Machado (SP)<\/p>\n<p style=\"text-align: justify;\">20h20 &#8211; Jards Macal\u00e9 (RJ)<\/p>\n<p style=\"text-align: justify;\">\n<strong>Quarta-feira (24)<\/strong><\/p>\n<p style=\"text-align: justify;\">17h &#8211; Tatupeba (PE)<\/p>\n<p style=\"text-align: justify;\">18h &#8211; Rapadura(CE)<\/p>\n<p style=\"text-align: justify;\">19h &#8211; Diomedes Chinaski (PE)<\/p>\n<p style=\"text-align: justify;\">20h20 &#8211; The Baggios (SE)<\/p>\n<p style=\"text-align: justify;\"><strong><br \/>\nQuinta-feira (25)<\/strong><\/p>\n<p style=\"text-align: justify;\">17h &#8211; Blues for Us<\/p>\n<p style=\"text-align: justify;\">18h &#8211; Andr\u00e9 Macambira<\/p>\n<p style=\"text-align: justify;\">19h &#8211; Igor De Carvalho (PE)<\/p>\n<p style=\"text-align: justify;\">20h20 &#8211; Eddie (PE)<\/p>\n<p style=\"text-align: justify;\">\n<strong>Sexta-feira (26)<\/strong><\/p>\n<p style=\"text-align: justify;\">17h &#8211; Banda Uscafu\u00e7u (PE)<\/p>\n<p style=\"text-align: justify;\">18h &#8211; Abacaxepa (SP)<\/p>\n<p style=\"text-align: justify;\">19h &#8211; Jr Black&nbsp; &nbsp;&#8211; Show especial em homenagem a Noriel Vilela. Part. de Juliano Holanda\/ Lara Klaus\/ Rog\u00ea Victor\/ Henrique Albino\/ Lucas Dos Prazeres\/ Isaar Fran\u00e7a\/ Gabi Da Pele\/ Alberto\/ Anabelle Yolle<\/p>\n<p style=\"text-align: justify;\">20h &#8211; MV Bill (RJ)<\/p>\n<p style=\"text-align: justify;\">\n<strong>S\u00e1bado (27)<\/strong><\/p>\n<p style=\"text-align: justify;\">17h &#8211; Milena Braz e Banda<\/p>\n<p style=\"text-align: justify;\">18h &#8211; Mulamba (PR)<\/p>\n<p style=\"text-align: justify;\">19h &#8211; Ave Sangria (PE)<\/p>\n<p style=\"text-align: justify;\">20h20 &#8211; Francisco El Hombre (SP)<\/p>\n<p style=\"text-align: justify;\">\n<p style=\"text-align: justify;\">\n<p style=\"text-align: justify;\"><strong>SOM NA RURAL (Parque Euclides Dourado)<\/strong><\/p>\n<p><strong><br \/>\n<\/strong><strong>Sexta-feira (19)<\/strong><\/p>\n<p style=\"text-align: justify;\">18h &#8211; Atra\u00e7\u00e3o a confirmar<\/p>\n<p style=\"text-align: justify;\">19h &#8211;&nbsp; Cibele do Cavaco<\/p>\n<p style=\"text-align: justify;\">20h20 &#8211; Edmilson do P\u00edfano (PE)<\/p>\n<p style=\"text-align: justify;\">22h30 &#8211; Mestre Anderson Miguel &#8211; Sonorosa (PE)<\/p>\n<p style=\"text-align: justify;\">23h30 &#8211; DJ Evandro Q?<\/p>\n<p style=\"text-align: justify;\">\n<p style=\"text-align: justify;\"><strong>S\u00e1bado (20)<\/strong><\/p>\n<p style=\"text-align: justify;\">18h &#8211; Coco Oco de Tebei (PE)<\/p>\n<p style=\"text-align: justify;\">19h &#8211; Saga Hc<\/p>\n<p style=\"text-align: justify;\">20h20 &#8211; Brisa Flow (MG)<\/p>\n<p style=\"text-align: justify;\">22h30 &#8211; Devotos (PE)<\/p>\n<p style=\"text-align: justify;\">23h30 &#8211; Evandro Q? (PE)<\/p>\n<p style=\"text-align: justify;\">\n<p style=\"text-align: justify;\"><strong>Domingo (21)<\/strong><\/p>\n<p style=\"text-align: justify;\">18h &#8211; Op\u00e1, uma miss\u00e3o (PE)<\/p>\n<p style=\"text-align: justify;\">19h &#8211; Raphael Costa (PE)<\/p>\n<p style=\"text-align: justify;\">20h20 &#8211; Triinca<\/p>\n<p style=\"text-align: justify;\">22h30 &#8211; Bruno Lins (PE)<\/p>\n<p style=\"text-align: justify;\">23h30 &#8211; Dj Claudinha Summer (PE)<\/p>\n<p style=\"text-align: justify;\">\n<p style=\"text-align: justify;\"><strong>Segunda-feira (22)<\/strong><\/p>\n<p style=\"text-align: justify;\">19h &#8211; Arrete<\/p>\n<p style=\"text-align: justify;\">20h20 &#8211; Laranj\u00e3o Em Ritmo e Poesia (PE)<\/p>\n<p style=\"text-align: justify;\">22h30 &#8211; Matalanam\u00e3o<\/p>\n<p style=\"text-align: justify;\">23h30 &#8211; Dj Claudinha Summer (PE)<\/p>\n<p style=\"text-align: justify;\">\n<p style=\"text-align: justify;\"><strong>Ter\u00e7a-feira (23)<\/strong><\/p>\n<p style=\"text-align: justify;\">21h20 &#8211; Grande Encontro Reggae Roots (Afonjah, \u00cdvano e Marcelo Santana)<\/p>\n<p style=\"text-align: justify;\">22h30 &#8211; Dj Karla Gnow (PE)<\/p>\n<p style=\"text-align: justify;\">\n<strong>Quarta-feira (24)<\/strong><\/p>\n<p style=\"text-align: justify;\">21h20 &#8211; Agda Moura (PE)<\/p>\n<p style=\"text-align: justify;\">Dj Karla Gnow (PE)<\/p>\n<p style=\"text-align: justify;\"><strong><br \/>\nQuinta-feira (25)<\/strong><\/p>\n<p style=\"text-align: justify;\">21h20 &#8211; Uana Mahim (PE)<\/p>\n<p style=\"text-align: justify;\">\n<strong>Sexta-feira (26)<\/strong><\/p>\n<p style=\"text-align: justify;\">20h &#8211; Batekoo (PE)<\/p>\n<p style=\"text-align: justify;\">21h20 &#8211; Tuyo (PR)<\/p>\n<p style=\"text-align: justify;\">\n<strong>S\u00e1bado (27)<\/strong><\/p>\n<p style=\"text-align: justify;\">21h20 &#8211; Sofia Freire (PE)<\/p>\n<p style=\"text-align: justify;\">\n","protected":false},"excerpt":{"rendered":"<p>Confira a programa\u00e7\u00e3o musical: PALCO DOMINGUINHOS Sexta-feira (19) 20h &#8211; Golden Hits 21h &#8211; Hoje a Noite \u00e9 a Maior&hellip;<\/p>\n","protected":false},"author":1,"featured_media":43995,"comment_status":"closed","ping_status":"open","sticky":false,"template":"","format":"standard","meta":{"footnotes":""},"categories":[14120],"tags":[2,15541],"class_list":["post-43994","post","type-post","status-publish","format-standard","has-post-thumbnail","hentry","category-noticias","tag-blog-do-edvaldo-magalhaes","tag-confira-a-programacao-completa-do-festival-inverno-de-garanhuns-fig-2019"],"_links":{"self":[{"href":"https:\/\/blogdoedvaldomagalhaes.com.br\/index.php\/wp-json\/wp\/v2\/posts\/43994","targetHints":{"allow":["GET"]}}],"collection":[{"href":"https:\/\/blogdoedvaldomagalhaes.com.br\/index.php\/wp-json\/wp\/v2\/posts"}],"about":[{"href":"https:\/\/blogdoedvaldomagalhaes.com.br\/index.php\/wp-json\/wp\/v2\/types\/post"}],"author":[{"embeddable":true,"href":"https:\/\/blogdoedvaldomagalhaes.com.br\/index.php\/wp-json\/wp\/v2\/users\/1"}],"replies":[{"embeddable":true,"href":"https:\/\/blogdoedvaldomagalhaes.com.br\/index.php\/wp-json\/wp\/v2\/comments?post=43994"}],"version-history":[{"count":1,"href":"https:\/\/blogdoedvaldomagalhaes.com.br\/index.php\/wp-json\/wp\/v2\/posts\/43994\/revisions"}],"predecessor-version":[{"id":43996,"href":"https:\/\/blogdoedvaldomagalhaes.com.br\/index.php\/wp-json\/wp\/v2\/posts\/43994\/revisions\/43996"}],"wp:featuredmedia":[{"embeddable":true,"href":"https:\/\/blogdoedvaldomagalhaes.com.br\/index.php\/wp-json\/wp\/v2\/media\/43995"}],"wp:attachment":[{"href":"https:\/\/blogdoedvaldomagalhaes.com.br\/index.php\/wp-json\/wp\/v2\/media?parent=43994"}],"wp:term":[{"taxonomy":"category","embeddable":true,"href":"https:\/\/blogdoedvaldomagalhaes.com.br\/index.php\/wp-json\/wp\/v2\/categories?post=43994"},{"taxonomy":"post_tag","embeddable":true,"href":"https:\/\/blogdoedvaldomagalhaes.com.br\/index.php\/wp-json\/wp\/v2\/tags?post=43994"}],"curies":[{"name":"wp","href":"https:\/\/api.w.org\/{rel}","templated":true}]}}