{"id":4398,"date":"2017-10-11T14:25:00","date_gmt":"2017-10-11T17:25:00","guid":{"rendered":"http:\/\/blogdoedvaldomagalhaes.com.br\/index.php\/2017\/10\/11\/funcionamento-do-comercio-e-dos-centros\/"},"modified":"2019-02-09T01:47:33","modified_gmt":"2019-02-09T03:47:33","slug":"funcionamento-do-comercio-e-dos-centros","status":"publish","type":"post","link":"https:\/\/blogdoedvaldomagalhaes.com.br\/index.php\/2017\/10\/11\/funcionamento-do-comercio-e-dos-centros\/","title":{"rendered":"Funcionamento do com\u00e9rcio e dos centros de compras em Caruaru amanh\u00e3 (12)"},"content":{"rendered":"<div class=\"separator\" style=\"clear: both; text-align: center;\">\n<a href=\"https:\/\/2.bp.blogspot.com\/-B7LPAapXyPA\/Wd4psDwEoeI\/AAAAAAAAhBk\/4XJm1WUZ_sI_gMCDi7XbyXirOCVFqvFyQCLcBGAs\/s1600\/22310634_1729573723728987_120674756070235724_n.jpg\" imageanchor=\"1\" style=\"margin-left: 1em; margin-right: 1em;\"><img loading=\"lazy\" decoding=\"async\" border=\"0\" data-original-height=\"513\" data-original-width=\"960\" height=\"213\" src=\"http:\/\/blogdoedvaldomagalhaes.com.br\/wp-content\/uploads\/2017\/10\/22310634_1729573723728987_120674756070235724_n.jpg\" width=\"400\" \/><\/a><\/div>\n<div style=\"text-align: justify;\">\n<\/div>\n<div style=\"text-align: justify;\">\nO Sindloja Caruaru informa que no feriado de 12 de outubro, Dia da Padroeira do Brasil, o com\u00e9rcio tradicional e os centros de compras (shoppings, F\u00e1brica da Moda e Polo Caruaru) poder\u00e3o praticar jornada de trabalho.<\/div>\n<div style=\"text-align: justify;\">\n<\/div>\n<div style=\"text-align: justify;\">\nEstar\u00e3o funcionando as lojas que fizeram a solicita\u00e7\u00e3o ao Sindloja e ao Sindecc at\u00e9 ontem (10), enviando comunicado contendo a rela\u00e7\u00e3o dos empregados que ir\u00e3o trabalhar no feriado, acompanhando as datas das respectivas folgas contempladas no prazo de 30 dias.<\/div>\n<div style=\"text-align: justify;\">\n<\/div>\n<div style=\"text-align: justify;\">\nOs funcion\u00e1rios que trabalharem no feriado ter\u00e3o ajuda de custo no valor m\u00ednimo de R$ 43,50; garantia de intervalo de duas horas para refei\u00e7\u00e3o e descanso ou de uma hora com a concess\u00e3o de almo\u00e7o pelo empregador; e vale-transporte ou o equivalente em dinheiro, quando necess\u00e1rio para o empregado.<\/p>\n<p>As ag\u00eancias dos Correios, casas lot\u00e9ricas, bancos e servi\u00e7os prestados pela prefeitura n\u00e3o funcionam. Lojas do com\u00e9rcio do centro poder\u00e3o abrir normalmente, desde que solicitem autoriza\u00e7\u00e3o com anteced\u00eancia no Sindicato dos Dirigentes Lojistas (Sindloja).<\/p>\n<p>As lojas do Shopping Difusora abrem das 11h \u00e0s 20h. J\u00e1 a pra\u00e7a de alimenta\u00e7\u00e3o funciona at\u00e9 \u00e0s 21h. As sess\u00f5es do cinema come\u00e7am a partir das 12h30 e seguem at\u00e9 21h20. No Caruaru Shopping, as lojas estar\u00e3o abertas das 10h \u00e0s 20h e pra\u00e7a de alimenta\u00e7\u00e3o at\u00e9 21h. O cinema funciona conforme os hor\u00e1rios dos filmes.&nbsp;O Expresso Cidad\u00e3o n\u00e3o ter\u00e1 expediente.<\/p>\n<p>Os parques ambientais de Caruaru funcionam normalmente.&nbsp;A ciclofaixa, que funciona na Avenida Agamenon Magalh\u00e3es, estar\u00e1 aberta ao p\u00fablico, das 8h \u00e0s 19h.<\/p><\/div>\n","protected":false},"excerpt":{"rendered":"<p>O Sindloja Caruaru informa que no feriado de 12 de outubro, Dia da Padroeira do Brasil, o com\u00e9rcio tradicional e&hellip;<\/p>\n","protected":false},"author":1,"featured_media":0,"comment_status":"open","ping_status":"open","sticky":false,"template":"","format":"standard","meta":{"footnotes":""},"categories":[1],"tags":[2,5480,6,5481],"class_list":["post-4398","post","type-post","status-publish","format-standard","hentry","category-sem-categoria","tag-blog-do-edvaldo-magalhaes","tag-funcionamento-do-comercio-e-dos-centros-de-compras-em-caruaru-amanha-12","tag-noticias","tag-sindloja-caruaru"],"_links":{"self":[{"href":"https:\/\/blogdoedvaldomagalhaes.com.br\/index.php\/wp-json\/wp\/v2\/posts\/4398","targetHints":{"allow":["GET"]}}],"collection":[{"href":"https:\/\/blogdoedvaldomagalhaes.com.br\/index.php\/wp-json\/wp\/v2\/posts"}],"about":[{"href":"https:\/\/blogdoedvaldomagalhaes.com.br\/index.php\/wp-json\/wp\/v2\/types\/post"}],"author":[{"embeddable":true,"href":"https:\/\/blogdoedvaldomagalhaes.com.br\/index.php\/wp-json\/wp\/v2\/users\/1"}],"replies":[{"embeddable":true,"href":"https:\/\/blogdoedvaldomagalhaes.com.br\/index.php\/wp-json\/wp\/v2\/comments?post=4398"}],"version-history":[{"count":1,"href":"https:\/\/blogdoedvaldomagalhaes.com.br\/index.php\/wp-json\/wp\/v2\/posts\/4398\/revisions"}],"predecessor-version":[{"id":25018,"href":"https:\/\/blogdoedvaldomagalhaes.com.br\/index.php\/wp-json\/wp\/v2\/posts\/4398\/revisions\/25018"}],"wp:attachment":[{"href":"https:\/\/blogdoedvaldomagalhaes.com.br\/index.php\/wp-json\/wp\/v2\/media?parent=4398"}],"wp:term":[{"taxonomy":"category","embeddable":true,"href":"https:\/\/blogdoedvaldomagalhaes.com.br\/index.php\/wp-json\/wp\/v2\/categories?post=4398"},{"taxonomy":"post_tag","embeddable":true,"href":"https:\/\/blogdoedvaldomagalhaes.com.br\/index.php\/wp-json\/wp\/v2\/tags?post=4398"}],"curies":[{"name":"wp","href":"https:\/\/api.w.org\/{rel}","templated":true}]}}