{"id":4397,"date":"2017-10-11T15:23:00","date_gmt":"2017-10-11T18:23:00","guid":{"rendered":"http:\/\/blogdoedvaldomagalhaes.com.br\/index.php\/2017\/10\/11\/ifpe-abre-4076-vagas-para-o-vestibular\/"},"modified":"2019-02-09T01:47:36","modified_gmt":"2019-02-09T03:47:36","slug":"ifpe-abre-4076-vagas-para-o-vestibular","status":"publish","type":"post","link":"https:\/\/blogdoedvaldomagalhaes.com.br\/index.php\/2017\/10\/11\/ifpe-abre-4076-vagas-para-o-vestibular\/","title":{"rendered":"IFPE abre 4.076 vagas para o Vestibular 2018.1"},"content":{"rendered":"<div class=\"separator\" style=\"clear: both; text-align: center;\">\n<a href=\"https:\/\/1.bp.blogspot.com\/-xb47jnkWF2M\/Wd427aL7XXI\/AAAAAAAAhB0\/A4dgXCFua7ACiFbmvG_rfnnOlKQ6rxzBgCLcBGAs\/s1600\/DSC_0230.JPG\" imageanchor=\"1\" style=\"margin-left: 1em; margin-right: 1em;\"><img loading=\"lazy\" decoding=\"async\" border=\"0\" data-original-height=\"1064\" data-original-width=\"1600\" height=\"265\" src=\"http:\/\/blogdoedvaldomagalhaes.com.br\/wp-content\/uploads\/2017\/10\/DSC_0230.jpg\" width=\"400\" \/><\/a><\/div>\n<div style=\"text-align: justify;\">\n<\/div>\n<div style=\"text-align: justify;\">\nO Instituto Federal de Educa\u00e7\u00e3o, Ci\u00eancia e Tecnologia de Pernambuco (IFPE) divulgou, nesta ter\u00e7a-feira (10), o edital do Vestibular 2018.1. Neste ano, ser\u00e3o oferecidas 4.076 vagas em 65 cursos t\u00e9cnicos e superiores, distribu\u00eddos em 16 campi (Abreu e Lima, Afogados da Ingazeira, Barreiros, Belo Jardim, Cabo de Santo Agostinho, Caruaru, Garanhuns, Igarassu, Ipojuca, Jaboat\u00e3o dos Guararapes, Olinda, Palmares, Paulista, Pesqueira, Recife e Vit\u00f3ria de Santo Ant\u00e3o). As inscri\u00e7\u00f5es j\u00e1 t\u00eam in\u00edcio na segunda-feira (16) e seguem at\u00e9 05 de novembro.<\/div>\n<div style=\"text-align: justify;\">\n<\/div>\n<div style=\"text-align: justify;\">\nEntre os cursos t\u00e9cnicos, \u00e9 poss\u00edvel concorrer a vagas na modalidade Integrado, voltada para quem deseja aliar a forma\u00e7\u00e3o profissional ao Ensino M\u00e9dio regular, e na Subsequente, destinada aos que j\u00e1 conclu\u00edram o Ensino M\u00e9dio. Tamb\u00e9m s\u00e3o ofertados cursos t\u00e9cnicos relacionados ao Programa de Educa\u00e7\u00e3o de Jovens e Adultos (PROEJA), destinados a candidatos com mais de 18 anos que n\u00e3o conclu\u00edram o Ensino M\u00e9dio. H\u00e1 ainda op\u00e7\u00f5es de cursos superiores na modalidade bacharelado, licenciatura e tecn\u00f3logo. Neste processo seletivo todas as vagas s\u00e3o de primeira entrada.<\/div>\n<div style=\"text-align: justify;\">\n<\/div>\n<div style=\"text-align: justify;\">\nPara se inscreverem os candidatos devem acessar o site da Comiss\u00e3o de Vestibulares e Concursos (Cvest) e realizar o preenchimento da ficha de inscri\u00e7\u00e3o. No portal, tamb\u00e9m \u00e9 poss\u00edvel emitir boleto (GRU) para o pagamento da taxa no valor de R$30 para cursos t\u00e9cnicos e R$ 55 para superiores. O pagamento deve ser feito somente nas ag\u00eancias do Banco do Brasil at\u00e9 06 de novembro.<\/div>\n<div style=\"text-align: justify;\">\n<\/div>\n<div style=\"text-align: justify;\">\nAs provas ser\u00e3o aplicadas no dia 10 de dezembro. Os candidatos aos cursos t\u00e9cnicos ser\u00e3o submetidos a 30 quest\u00f5es de m\u00faltipla escolha. Quem vai concorrer \u00e0s vagas dos cursos superiores far\u00e1 uma prova com 50 quest\u00f5es, al\u00e9m da reda\u00e7\u00e3o. A data prevista para a divulga\u00e7\u00e3o do list\u00e3o com o nome dos aprovados \u00e9 28 de dezembro.<\/div>\n<div style=\"text-align: justify;\">\n<\/div>\n<div style=\"text-align: justify;\">\nMetade das vagas do Vestibular 2018.1 ser\u00e1 oferecida pelo Sistema de Cotas e reservada para candidatos oriundos da rede p\u00fablica de ensino. Esses candidatos s\u00e3o subdivididos entre os que t\u00eam renda familiar per capita de at\u00e9 1,5 sal\u00e1rio m\u00ednimo e os que t\u00eam renda superior a essa faixa. Os candidatos tamb\u00e9m podem concorrer dentro das subcotas voltadas para candidatos que se autodeclarem pretos, partos ou ind\u00edgenas e tamb\u00e9m \u00e0s destinadas a pessoas com algum tipo de defici\u00eancia. Nos cursos de voca\u00e7\u00e3o agr\u00edcola, 25% das vagas de ampla concorr\u00eancia destinadas a moradores da zona rural ou filho de agricultores.&nbsp;&nbsp;<\/div>\n<div style=\"text-align: justify;\">\n<\/div>\n<div style=\"text-align: justify;\">\nAqueles candidatos com defici\u00eancia f\u00edsica, intelectual ou sensorial podem solicitar a aplica\u00e7\u00e3o da prova em condi\u00e7\u00f5es especiais. A CVEST pode disponibilizar, por exemplo, um fiscal para marca\u00e7\u00e3o do gabarito, uma vers\u00e3o da prova com fonte ampliada, um ledor para prova ou mesmo um int\u00e9rprete de Libras. Para realizar a prova em regime especial, basta apresentar requerimento, dispon\u00edvel no Manual do Candidato, e entreg\u00e1-lo devidamente documentado com atestado m\u00e9dico contendo diagn\u00f3stico e CID (C\u00f3digo Internacional de Doen\u00e7as), no per\u00edodo de 16 de outubro a 06 de novembro.<\/div>\n<div style=\"text-align: justify;\">\n<\/div>\n<div style=\"text-align: justify;\">\nEm caso de d\u00favidas, os candidatos podem entrar em contanto com a Cvest pelo telefone (81) 2125-1724 ou pelo e-mail cvest2017@reitoria.ifpe.edu.br&nbsp;<\/div>\n<div>\n<div style=\"text-align: justify;\">\n<\/div>\n<\/div>\n<div>\n<div style=\"text-align: justify;\">\n<b>CRONOGRAMA:<\/b><\/div>\n<\/div>\n<div>\n<div style=\"text-align: justify;\">\n<\/div>\n<\/div>\n<div>\n<div style=\"text-align: justify;\">\nInscri\u00e7\u00f5es | 16 de outubro a 05 de novembro<\/div>\n<\/div>\n<div>\n<div style=\"text-align: justify;\">\nSolicita\u00e7\u00e3o de isen\u00e7\u00e3o | At\u00e9 19 de outubro<\/div>\n<\/div>\n<div>\n<div style=\"text-align: justify;\">\nLibera\u00e7\u00e3o do Cart\u00e3o de inscri\u00e7\u00e3o | Libera\u00e7\u00e3o a partir de 27 de novembro<\/div>\n<\/div>\n<div>\n<div style=\"text-align: justify;\">\nRetifica\u00e7\u00e3o do cart\u00e3o de inscri\u00e7\u00e3o | 27 e 28 de novembro<\/div>\n<\/div>\n<div>\n<div style=\"text-align: justify;\">\nProva | 10 de dezembro<\/div>\n<\/div>\n<div>\n<div style=\"text-align: justify;\">\nList\u00e3o | 28 de dezembro<\/div>\n<\/div>\n","protected":false},"excerpt":{"rendered":"<p>O Instituto Federal de Educa\u00e7\u00e3o, Ci\u00eancia e Tecnologia de Pernambuco (IFPE) divulgou, nesta ter\u00e7a-feira (10), o edital do Vestibular 2018.1.&hellip;<\/p>\n","protected":false},"author":1,"featured_media":0,"comment_status":"open","ping_status":"open","sticky":false,"template":"","format":"standard","meta":{"footnotes":""},"categories":[1],"tags":[2,5478,6,5479],"class_list":["post-4397","post","type-post","status-publish","format-standard","hentry","category-sem-categoria","tag-blog-do-edvaldo-magalhaes","tag-ifpe-abre-4-076-vagas-para-o-vestibular-2018-1","tag-noticias","tag-proeja"],"_links":{"self":[{"href":"https:\/\/blogdoedvaldomagalhaes.com.br\/index.php\/wp-json\/wp\/v2\/posts\/4397","targetHints":{"allow":["GET"]}}],"collection":[{"href":"https:\/\/blogdoedvaldomagalhaes.com.br\/index.php\/wp-json\/wp\/v2\/posts"}],"about":[{"href":"https:\/\/blogdoedvaldomagalhaes.com.br\/index.php\/wp-json\/wp\/v2\/types\/post"}],"author":[{"embeddable":true,"href":"https:\/\/blogdoedvaldomagalhaes.com.br\/index.php\/wp-json\/wp\/v2\/users\/1"}],"replies":[{"embeddable":true,"href":"https:\/\/blogdoedvaldomagalhaes.com.br\/index.php\/wp-json\/wp\/v2\/comments?post=4397"}],"version-history":[{"count":1,"href":"https:\/\/blogdoedvaldomagalhaes.com.br\/index.php\/wp-json\/wp\/v2\/posts\/4397\/revisions"}],"predecessor-version":[{"id":25020,"href":"https:\/\/blogdoedvaldomagalhaes.com.br\/index.php\/wp-json\/wp\/v2\/posts\/4397\/revisions\/25020"}],"wp:attachment":[{"href":"https:\/\/blogdoedvaldomagalhaes.com.br\/index.php\/wp-json\/wp\/v2\/media?parent=4397"}],"wp:term":[{"taxonomy":"category","embeddable":true,"href":"https:\/\/blogdoedvaldomagalhaes.com.br\/index.php\/wp-json\/wp\/v2\/categories?post=4397"},{"taxonomy":"post_tag","embeddable":true,"href":"https:\/\/blogdoedvaldomagalhaes.com.br\/index.php\/wp-json\/wp\/v2\/tags?post=4397"}],"curies":[{"name":"wp","href":"https:\/\/api.w.org\/{rel}","templated":true}]}}