{"id":4396,"date":"2017-10-11T17:02:00","date_gmt":"2017-10-11T20:02:00","guid":{"rendered":"http:\/\/blogdoedvaldomagalhaes.com.br\/index.php\/2017\/10\/11\/prefeitura-diz-que-houve-equivoco-dos\/"},"modified":"2019-02-09T01:47:37","modified_gmt":"2019-02-09T03:47:37","slug":"prefeitura-diz-que-houve-equivoco-dos","status":"publish","type":"post","link":"https:\/\/blogdoedvaldomagalhaes.com.br\/index.php\/2017\/10\/11\/prefeitura-diz-que-houve-equivoco-dos\/","title":{"rendered":"Prefeitura diz que houve equ\u00edvoco dos vereadores \u00e0s normas do Projeto de Lei rejeitado"},"content":{"rendered":"<div class=\"separator\" style=\"clear: both; text-align: center;\">\n<a href=\"https:\/\/1.bp.blogspot.com\/-OmtgDHr7tYs\/Wd5OlC5sttI\/AAAAAAAAhCE\/CKPS9YJivngqiABuJnZ2ciY00O9zHXZ3ACLcBGAs\/s1600\/nota.jpg\" imageanchor=\"1\" style=\"margin-left: 1em; margin-right: 1em;\"><img loading=\"lazy\" decoding=\"async\" border=\"0\" data-original-height=\"300\" data-original-width=\"574\" height=\"206\" src=\"http:\/\/blogdoedvaldomagalhaes.com.br\/wp-content\/uploads\/2017\/10\/nota-1.jpg\" width=\"400\" \/><\/a><\/div>\n<div style=\"text-align: justify;\">\n<\/div>\n<div style=\"text-align: justify;\">\n<b>Nota da Prefeitura de Caruaru<\/b><\/div>\n<div style=\"text-align: justify;\">\n<\/div>\n<div style=\"text-align: justify;\">\nA prefeita Raquel Lyra \u00e9 uma defensora dos direitos das crian\u00e7as e da mulher e, diante disso, jamais teve a inten\u00e7\u00e3o de suprimir qualquer direito adquirido pelas servidoras do Munic\u00edpio de Caruaru.<\/div>\n<div style=\"text-align: justify;\">\n<\/div>\n<div style=\"text-align: justify;\">\nO projeto votado ontem na C\u00e2mara de Vereadores, tinha como objetivo definir regras demasiadamente claras e objetivas quanto \u00e0 sele\u00e7\u00e3o p\u00fablica simplificada por ventura promovida pela atual ou por futuras gest\u00f5es deste Munic\u00edpio. Inexiste no referido Projeto de Lei qualquer supress\u00e3o a direito j\u00e1 conferido pela Lei Org\u00e2nica Municipal.<\/div>\n<div style=\"text-align: justify;\">\n<\/div>\n<div style=\"text-align: justify;\">\nEm raz\u00e3o do equ\u00edvoco contido na interpreta\u00e7\u00e3o adotada por reduzido n\u00famero de Vereadores Municipais, quanto \u00e0s normas postas no Projeto de Lei encaminhado ao Poder Legislativo, faz-se necess\u00e1ria a apresenta\u00e7\u00e3o dos esclarecimentos que seguem:<\/div>\n<div style=\"text-align: justify;\">\n<\/div>\n<div style=\"text-align: justify;\">\n\u25cf No tocante \u00e0 Licen\u00e7a Maternidade de 120 (cento e vinte) dias contida no Projeto de Lei, \u00e9 imprescind\u00edvel esclarecer que dita regra segue estritamente o que disp\u00f5e a vigente Constitui\u00e7\u00e3o Federal do Brasil, bem como, o Regime Geral da Previd\u00eancia Social, todavia, em nada afeta a garantia excepcional concedida pela Lei Org\u00e2nica do Munic\u00edpio de Caruaru, bastando, para tanto, que as servidores contratadas sob o regime tempor\u00e1rio, efetivamente cumprissem a regra disposta na vigente Lei Org\u00e2nica Municipal;<\/div>\n<div style=\"text-align: justify;\">\n<\/div>\n<div style=\"text-align: justify;\">\n\u25cf A Licen\u00e7a Maternidade de 180 (cento e oitenta) dias prevista na Lei Org\u00e2nica Municipal, especificamente para as servidoras contratadas no regime tempor\u00e1rio, ser\u00e1 concedida na hip\u00f3tese do Contrato Tempor\u00e1rio celebrado apresentar vig\u00eancia m\u00ednima de 01 (um) ano e haja a servidora desempenhado suas fun\u00e7\u00f5es h\u00e1 pelo menos 06 (seis) meses da data da assinatura do compromisso;<\/div>\n<div style=\"text-align: justify;\">\n<\/div>\n<div style=\"text-align: justify;\">\n\u25cf O Projeto de Lei encaminhado ao Legislativo n\u00e3o prev\u00ea em quaisquer dos seus dispositivos a mudan\u00e7a da regra condicionante contida na Lei Org\u00e2nica Municipal para efeito de concess\u00e3o da Licen\u00e7a Maternidade de 180 (cento e oitenta) dias;<\/div>\n<div style=\"text-align: justify;\">\n<\/div>\n<div style=\"text-align: justify;\">\nFeita tais observa\u00e7\u00f5es e esclarecimentos, \u00e9 indubit\u00e1vel que o Projeto de Lei encaminhado ao Legislativo Municipal n\u00e3o afronta a regula\u00e7\u00e3o condicional contida na Lei Org\u00e2nica Municipal quanto \u00e0 concess\u00e3o da Licen\u00e7a Maternidade de 180 (cento e oitenta) dias, visto que tal benef\u00edcio permaneceria garantido e assegurado \u00e0 todas as servidoras que cumprindo as exig\u00eancias formais previstas na lei em quest\u00e3o, efetivamente obteriam o afastamento remunerado pelo prazo de 06 (seis) meses. Sendo assim, a prefeitura esclarece que a licen\u00e7a maternidade permanecer\u00e1 sendo de 180 dias, quando verificado o atendimento aos crit\u00e9rios previstos em Lei Org\u00e2nica Municipal.<\/div>\n<div style=\"text-align: justify;\">\n<\/div>\n<div style=\"text-align: justify;\">\nS\u00f3 resta lamentar o equ\u00edvoco cometido na an\u00e1lise das referidas normas e a n\u00e3o aprova\u00e7\u00e3o das regras claras e objetivas que regulariam as futuras sele\u00e7\u00f5es p\u00fablicas simplificadas para a Administra\u00e7\u00e3o P\u00fablica do Munic\u00edpio de Caruaru.<\/div>\n","protected":false},"excerpt":{"rendered":"<p>Nota da Prefeitura de Caruaru A prefeita Raquel Lyra \u00e9 uma defensora dos direitos das crian\u00e7as e da mulher e,&hellip;<\/p>\n","protected":false},"author":1,"featured_media":0,"comment_status":"open","ping_status":"open","sticky":false,"template":"","format":"standard","meta":{"footnotes":""},"categories":[1],"tags":[2,3114,20,5477],"class_list":["post-4396","post","type-post","status-publish","format-standard","hentry","category-sem-categoria","tag-blog-do-edvaldo-magalhaes","tag-noticias-da-politica-de-caruaru","tag-politica","tag-prefeitura-diz-que-houve-equivoco-vereadores-as-normas-do-projeto-de-lei-rejeitado"],"_links":{"self":[{"href":"https:\/\/blogdoedvaldomagalhaes.com.br\/index.php\/wp-json\/wp\/v2\/posts\/4396","targetHints":{"allow":["GET"]}}],"collection":[{"href":"https:\/\/blogdoedvaldomagalhaes.com.br\/index.php\/wp-json\/wp\/v2\/posts"}],"about":[{"href":"https:\/\/blogdoedvaldomagalhaes.com.br\/index.php\/wp-json\/wp\/v2\/types\/post"}],"author":[{"embeddable":true,"href":"https:\/\/blogdoedvaldomagalhaes.com.br\/index.php\/wp-json\/wp\/v2\/users\/1"}],"replies":[{"embeddable":true,"href":"https:\/\/blogdoedvaldomagalhaes.com.br\/index.php\/wp-json\/wp\/v2\/comments?post=4396"}],"version-history":[{"count":1,"href":"https:\/\/blogdoedvaldomagalhaes.com.br\/index.php\/wp-json\/wp\/v2\/posts\/4396\/revisions"}],"predecessor-version":[{"id":25022,"href":"https:\/\/blogdoedvaldomagalhaes.com.br\/index.php\/wp-json\/wp\/v2\/posts\/4396\/revisions\/25022"}],"wp:attachment":[{"href":"https:\/\/blogdoedvaldomagalhaes.com.br\/index.php\/wp-json\/wp\/v2\/media?parent=4396"}],"wp:term":[{"taxonomy":"category","embeddable":true,"href":"https:\/\/blogdoedvaldomagalhaes.com.br\/index.php\/wp-json\/wp\/v2\/categories?post=4396"},{"taxonomy":"post_tag","embeddable":true,"href":"https:\/\/blogdoedvaldomagalhaes.com.br\/index.php\/wp-json\/wp\/v2\/tags?post=4396"}],"curies":[{"name":"wp","href":"https:\/\/api.w.org\/{rel}","templated":true}]}}