{"id":4392,"date":"2017-10-12T12:03:00","date_gmt":"2017-10-12T15:03:00","guid":{"rendered":"http:\/\/blogdoedvaldomagalhaes.com.br\/index.php\/2017\/10\/12\/evento-policia-amiga-em-natal-sem-fome\/"},"modified":"2019-02-09T01:47:38","modified_gmt":"2019-02-09T03:47:38","slug":"evento-policia-amiga-em-natal-sem-fome","status":"publish","type":"post","link":"https:\/\/blogdoedvaldomagalhaes.com.br\/index.php\/2017\/10\/12\/evento-policia-amiga-em-natal-sem-fome\/","title":{"rendered":"Evento Pol\u00edcia Amiga em Natal Sem Fome recebe apoio da Prefeitura de Brejo da Madre de Deus"},"content":{"rendered":"<div class=\"separator\" style=\"clear: both; text-align: center;\">\n<a href=\"https:\/\/3.bp.blogspot.com\/-Qh7L2hEoVls\/Wd9ZxO3d5YI\/AAAAAAAAhF8\/O6PbgpOAcV8QncABb63sWMJa0buhAD2MwCLcBGAs\/s1600\/brejo.jpg\" imageanchor=\"1\" style=\"margin-left: 1em; margin-right: 1em;\"><img loading=\"lazy\" decoding=\"async\" border=\"0\" data-original-height=\"768\" data-original-width=\"768\" height=\"400\" src=\"http:\/\/blogdoedvaldomagalhaes.com.br\/wp-content\/uploads\/2017\/10\/brejo.jpg\" width=\"400\" \/><\/a><\/div>\n<div style=\"text-align: justify;\">\n<\/div>\n<div style=\"text-align: justify;\">\nO prefeito do Brejo da Madre de Deus, Hil\u00e1rio Paulo, e a primeira dama e Secret\u00e1ria de A\u00e7\u00e3o Social, Maria da Paz, receberam nesta quarta-feira (11) a Comiss\u00e3o Organizadora do evento beneficente que a Pol\u00edcia Militar de Pernambuco realizar\u00e1 no dia 16 de dezembro, no F\u00f3rum de Pilatos do maior teatro&nbsp; ao ar livre mundo \u2013 Nova Jerusal\u00e9m, em Fazenda Nova.<\/div>\n<div style=\"text-align: justify;\">\n<\/div>\n<div style=\"text-align: justify;\">\nA parceria fechada garante o apoio na produ\u00e7\u00e3o e o crescimento do evento com articula\u00e7\u00f5es no munic\u00edpio e munic\u00edpios vizinhos, para troca de ingressos nas escolas, igrejas e mercados. O acesso ser\u00e1 2 de alimentos.<\/div>\n<div style=\"text-align: justify;\">\n<\/div>\n<div style=\"text-align: justify;\">\nO grande evento ter\u00e1 uma programa\u00e7\u00e3o extensa e ecl\u00e9tica, com banda sinf\u00f4nica, grupo de chorinho, big ben jazz, tenor Jeferson Bento, conjunto de brega e pagode, banda de m\u00fasica e orquestra de frevo. Participa\u00e7\u00e3o especial de Savinho Do Acordeon e Daniel Gonzag\u00e3o. Apresentadores convidados: Major Glauber Vieira e a atriz N\u00ednive Caldas. A abertura ser\u00e1 com os cavalos do Regimento de Pol\u00edcia Montada. O evento come\u00e7ar\u00e1 \u00e0s 19h. Abertura dos port\u00f5es ser\u00e1 \u00e0s 18h.<\/div>\n","protected":false},"excerpt":{"rendered":"<p>O prefeito do Brejo da Madre de Deus, Hil\u00e1rio Paulo, e a primeira dama e Secret\u00e1ria de A\u00e7\u00e3o Social, Maria&hellip;<\/p>\n","protected":false},"author":1,"featured_media":0,"comment_status":"open","ping_status":"open","sticky":false,"template":"","format":"standard","meta":{"footnotes":""},"categories":[1],"tags":[2,5469,5470,20],"class_list":["post-4392","post","type-post","status-publish","format-standard","hentry","category-sem-categoria","tag-blog-do-edvaldo-magalhaes","tag-evento-policia-amiga-em-natal-sem-fome-recebe-apoio-da-prefeitura-de-brejo-da-madre-de-deus","tag-hilario-paulo","tag-politica"],"_links":{"self":[{"href":"https:\/\/blogdoedvaldomagalhaes.com.br\/index.php\/wp-json\/wp\/v2\/posts\/4392","targetHints":{"allow":["GET"]}}],"collection":[{"href":"https:\/\/blogdoedvaldomagalhaes.com.br\/index.php\/wp-json\/wp\/v2\/posts"}],"about":[{"href":"https:\/\/blogdoedvaldomagalhaes.com.br\/index.php\/wp-json\/wp\/v2\/types\/post"}],"author":[{"embeddable":true,"href":"https:\/\/blogdoedvaldomagalhaes.com.br\/index.php\/wp-json\/wp\/v2\/users\/1"}],"replies":[{"embeddable":true,"href":"https:\/\/blogdoedvaldomagalhaes.com.br\/index.php\/wp-json\/wp\/v2\/comments?post=4392"}],"version-history":[{"count":1,"href":"https:\/\/blogdoedvaldomagalhaes.com.br\/index.php\/wp-json\/wp\/v2\/posts\/4392\/revisions"}],"predecessor-version":[{"id":25030,"href":"https:\/\/blogdoedvaldomagalhaes.com.br\/index.php\/wp-json\/wp\/v2\/posts\/4392\/revisions\/25030"}],"wp:attachment":[{"href":"https:\/\/blogdoedvaldomagalhaes.com.br\/index.php\/wp-json\/wp\/v2\/media?parent=4392"}],"wp:term":[{"taxonomy":"category","embeddable":true,"href":"https:\/\/blogdoedvaldomagalhaes.com.br\/index.php\/wp-json\/wp\/v2\/categories?post=4392"},{"taxonomy":"post_tag","embeddable":true,"href":"https:\/\/blogdoedvaldomagalhaes.com.br\/index.php\/wp-json\/wp\/v2\/tags?post=4392"}],"curies":[{"name":"wp","href":"https:\/\/api.w.org\/{rel}","templated":true}]}}