{"id":4391,"date":"2017-10-12T12:05:00","date_gmt":"2017-10-12T15:05:00","guid":{"rendered":"http:\/\/blogdoedvaldomagalhaes.com.br\/index.php\/2017\/10\/12\/procissao-e-celebracao-eucaristica\/"},"modified":"2019-02-09T01:47:38","modified_gmt":"2019-02-09T03:47:38","slug":"procissao-e-celebracao-eucaristica","status":"publish","type":"post","link":"https:\/\/blogdoedvaldomagalhaes.com.br\/index.php\/2017\/10\/12\/procissao-e-celebracao-eucaristica\/","title":{"rendered":"Prociss\u00e3o e celebra\u00e7\u00e3o eucar\u00edstica encerram Festa de Nossa Senhora Aparecida em Caruaru"},"content":{"rendered":"<div class=\"separator\" style=\"clear: both; text-align: center;\">\n<a href=\"https:\/\/3.bp.blogspot.com\/-AORbjbTQHho\/Wd9aRTZINaI\/AAAAAAAAhGA\/X4iAL6jxzzI5bZkMpcDcqdvbp3ql-XlRwCLcBGAs\/s1600\/igreja.jpg\" imageanchor=\"1\" style=\"margin-left: 1em; margin-right: 1em;\"><img loading=\"lazy\" decoding=\"async\" border=\"0\" data-original-height=\"432\" data-original-width=\"768\" height=\"225\" src=\"http:\/\/blogdoedvaldomagalhaes.com.br\/wp-content\/uploads\/2017\/10\/igreja.jpg\" width=\"400\" \/><\/a><\/div>\n<div class=\"separator\" style=\"clear: both; text-align: center;\">\nFoto: Izaias Rodrigues\/R\u00e1dio Liberdade<\/div>\n<div style=\"background-color: white; box-sizing: border-box; line-height: 24px; margin-bottom: 10px; text-align: justify;\">\n<\/div>\n<div style=\"background-color: white; box-sizing: border-box; line-height: 24px; margin-bottom: 10px; text-align: justify;\">\nAs homenagens a Nossa Senhora Aparecida, Padroeira do Brasil, ser\u00e3o encerradas nesta quinta-feira (12), na Igreja do bairro Rendeiras, em Caruaru. A festa teve in\u00edcio no dia 3 com o tema \u201cDas \u00e1guas aos 300 anos de b\u00ean\u00e7\u00e3os\u201d. Na programa\u00e7\u00e3o, missas, quermesses e shows religiosos com artistas populares.<\/div>\n<div style=\"background-color: white; box-sizing: border-box; line-height: 24px; margin-bottom: 10px; text-align: justify;\">\nNeste \u00faltimo dia haver\u00e1 diversas celebra\u00e7\u00f5es em hor\u00e1rios diferenciados e \u00e0s 16h30, a prociss\u00e3o com a imagem saindo da igreja e percorrendo algumas ruas do bairro. Em seguida missa presidida pelo Bispo Diocesano Dom Bernardino Marchi\u00f3.<\/div>\n","protected":false},"excerpt":{"rendered":"<p>Foto: Izaias Rodrigues\/R\u00e1dio Liberdade As homenagens a Nossa Senhora Aparecida, Padroeira do Brasil, ser\u00e3o encerradas nesta quinta-feira (12), na Igreja&hellip;<\/p>\n","protected":false},"author":1,"featured_media":0,"comment_status":"open","ping_status":"open","sticky":false,"template":"","format":"standard","meta":{"footnotes":""},"categories":[1],"tags":[2,6,5468,2107],"class_list":["post-4391","post","type-post","status-publish","format-standard","hentry","category-sem-categoria","tag-blog-do-edvaldo-magalhaes","tag-noticias","tag-procissao-e-celebracao-eucaristica-encerram-festa-de-nossa-senhora-aparecida-em-caruaru","tag-ultimas-noticias-de-caruaru"],"_links":{"self":[{"href":"https:\/\/blogdoedvaldomagalhaes.com.br\/index.php\/wp-json\/wp\/v2\/posts\/4391","targetHints":{"allow":["GET"]}}],"collection":[{"href":"https:\/\/blogdoedvaldomagalhaes.com.br\/index.php\/wp-json\/wp\/v2\/posts"}],"about":[{"href":"https:\/\/blogdoedvaldomagalhaes.com.br\/index.php\/wp-json\/wp\/v2\/types\/post"}],"author":[{"embeddable":true,"href":"https:\/\/blogdoedvaldomagalhaes.com.br\/index.php\/wp-json\/wp\/v2\/users\/1"}],"replies":[{"embeddable":true,"href":"https:\/\/blogdoedvaldomagalhaes.com.br\/index.php\/wp-json\/wp\/v2\/comments?post=4391"}],"version-history":[{"count":1,"href":"https:\/\/blogdoedvaldomagalhaes.com.br\/index.php\/wp-json\/wp\/v2\/posts\/4391\/revisions"}],"predecessor-version":[{"id":25032,"href":"https:\/\/blogdoedvaldomagalhaes.com.br\/index.php\/wp-json\/wp\/v2\/posts\/4391\/revisions\/25032"}],"wp:attachment":[{"href":"https:\/\/blogdoedvaldomagalhaes.com.br\/index.php\/wp-json\/wp\/v2\/media?parent=4391"}],"wp:term":[{"taxonomy":"category","embeddable":true,"href":"https:\/\/blogdoedvaldomagalhaes.com.br\/index.php\/wp-json\/wp\/v2\/categories?post=4391"},{"taxonomy":"post_tag","embeddable":true,"href":"https:\/\/blogdoedvaldomagalhaes.com.br\/index.php\/wp-json\/wp\/v2\/tags?post=4391"}],"curies":[{"name":"wp","href":"https:\/\/api.w.org\/{rel}","templated":true}]}}