{"id":4384,"date":"2017-10-12T20:55:00","date_gmt":"2017-10-12T23:55:00","guid":{"rendered":"http:\/\/blogdoedvaldomagalhaes.com.br\/index.php\/2017\/10\/12\/acidente-com-moto-deixa-vitima-fatal-e\/"},"modified":"2019-02-09T01:47:45","modified_gmt":"2019-02-09T03:47:45","slug":"acidente-com-moto-deixa-vitima-fatal-e","status":"publish","type":"post","link":"https:\/\/blogdoedvaldomagalhaes.com.br\/index.php\/2017\/10\/12\/acidente-com-moto-deixa-vitima-fatal-e\/","title":{"rendered":"Acidente com moto deixa v\u00edtima fatal em Gravat\u00e1"},"content":{"rendered":"<div class=\"separator\" style=\"clear: both; text-align: center;\">\n<a href=\"https:\/\/4.bp.blogspot.com\/-6P1T6MA2oVM\/Wd_WKYi6xhI\/AAAAAAAAhJw\/l4vbLlrjqaghPOq8_QCplS7IUCobP4JSACLcBGAs\/s1600\/moto.jpg\" imageanchor=\"1\" style=\"margin-left: 1em; margin-right: 1em;\"><img loading=\"lazy\" decoding=\"async\" border=\"0\" data-original-height=\"540\" data-original-width=\"960\" height=\"225\" src=\"http:\/\/blogdoedvaldomagalhaes.com.br\/wp-content\/uploads\/2017\/10\/moto-1.jpg\" width=\"400\" \/><\/a><\/div>\n<div class=\"separator\" style=\"clear: both; text-align: center;\">\n<\/div>\n<div class=\"separator\" style=\"clear: both; text-align: center;\">\n<a href=\"https:\/\/4.bp.blogspot.com\/-j67Zf3q_MM4\/Wd_VRF_N9LI\/AAAAAAAAhJY\/9yYLaE88xc4SeNMhvtZcuOU7r1sgGNDQgCLcBGAs\/s1600\/IMG-20171012-WA0212.jpg\" imageanchor=\"1\" style=\"margin-left: 1em; margin-right: 1em;\"><img loading=\"lazy\" decoding=\"async\" border=\"0\" data-original-height=\"1280\" data-original-width=\"960\" height=\"400\" src=\"http:\/\/blogdoedvaldomagalhaes.com.br\/wp-content\/uploads\/2017\/10\/IMG-20171012-WA0212.jpg\" width=\"300\" \/><\/a><\/div>\n<p><\/p>\n<div class=\"separator\" style=\"clear: both; text-align: center;\">\n<a href=\"https:\/\/2.bp.blogspot.com\/-CfH4jy-h_F4\/Wd_VVz-WmAI\/AAAAAAAAhJc\/6gly7yK4KNg5vSkqaWWFVnqOJ3FZlrPLwCLcBGAs\/s1600\/IMG-20171012-WA0210.jpg\" imageanchor=\"1\" style=\"margin-left: 1em; margin-right: 1em;\"><img loading=\"lazy\" decoding=\"async\" border=\"0\" data-original-height=\"960\" data-original-width=\"1280\" height=\"300\" src=\"http:\/\/blogdoedvaldomagalhaes.com.br\/wp-content\/uploads\/2017\/10\/IMG-20171012-WA0210.jpg\" width=\"400\" \/><\/a><\/div>\n<div class=\"separator\" style=\"clear: both; text-align: center;\">\n<\/div>\n<div class=\"separator\" style=\"clear: both; text-align: justify;\">\nUm acidente de tr\u00e2nsito ocorreu nesta quinta-feira (12), na localidade conhecida como volta do Rio, bairro Juca, na curva morte, em Gravat\u00e1, Agreste de Pernambuco. A v\u00edtima foi identificada por Jos\u00e9 Carlos da Silva, conhecida por Foguinho. A v\u00edtima estava pilotando a motocicleta Honda Fan 125 quando perdeu o controle vindo a colidir no meio fio, na cursa fechada e perigosa, quebrando o f\u00eamur e a caixa tor\u00e1cica, falecendo no local.<\/div>\n","protected":false},"excerpt":{"rendered":"<p>Um acidente de tr\u00e2nsito ocorreu nesta quinta-feira (12), na localidade conhecida como volta do Rio, bairro Juca, na curva morte,&hellip;<\/p>\n","protected":false},"author":1,"featured_media":0,"comment_status":"open","ping_status":"open","sticky":false,"template":"","format":"standard","meta":{"footnotes":""},"categories":[1],"tags":[5457,2,6],"class_list":["post-4384","post","type-post","status-publish","format-standard","hentry","category-sem-categoria","tag-acidente-com-moto-deixa-vitima-fatal-em-gravata","tag-blog-do-edvaldo-magalhaes","tag-noticias"],"_links":{"self":[{"href":"https:\/\/blogdoedvaldomagalhaes.com.br\/index.php\/wp-json\/wp\/v2\/posts\/4384","targetHints":{"allow":["GET"]}}],"collection":[{"href":"https:\/\/blogdoedvaldomagalhaes.com.br\/index.php\/wp-json\/wp\/v2\/posts"}],"about":[{"href":"https:\/\/blogdoedvaldomagalhaes.com.br\/index.php\/wp-json\/wp\/v2\/types\/post"}],"author":[{"embeddable":true,"href":"https:\/\/blogdoedvaldomagalhaes.com.br\/index.php\/wp-json\/wp\/v2\/users\/1"}],"replies":[{"embeddable":true,"href":"https:\/\/blogdoedvaldomagalhaes.com.br\/index.php\/wp-json\/wp\/v2\/comments?post=4384"}],"version-history":[{"count":1,"href":"https:\/\/blogdoedvaldomagalhaes.com.br\/index.php\/wp-json\/wp\/v2\/posts\/4384\/revisions"}],"predecessor-version":[{"id":25064,"href":"https:\/\/blogdoedvaldomagalhaes.com.br\/index.php\/wp-json\/wp\/v2\/posts\/4384\/revisions\/25064"}],"wp:attachment":[{"href":"https:\/\/blogdoedvaldomagalhaes.com.br\/index.php\/wp-json\/wp\/v2\/media?parent=4384"}],"wp:term":[{"taxonomy":"category","embeddable":true,"href":"https:\/\/blogdoedvaldomagalhaes.com.br\/index.php\/wp-json\/wp\/v2\/categories?post=4384"},{"taxonomy":"post_tag","embeddable":true,"href":"https:\/\/blogdoedvaldomagalhaes.com.br\/index.php\/wp-json\/wp\/v2\/tags?post=4384"}],"curies":[{"name":"wp","href":"https:\/\/api.w.org\/{rel}","templated":true}]}}