{"id":4383,"date":"2017-10-12T21:10:00","date_gmt":"2017-10-13T00:10:00","guid":{"rendered":"http:\/\/blogdoedvaldomagalhaes.com.br\/index.php\/2017\/10\/12\/homem-sofre-tentativa-de-homicidio-co\/"},"modified":"2019-02-09T01:47:45","modified_gmt":"2019-02-09T03:47:45","slug":"homem-sofre-tentativa-de-homicidio-co","status":"publish","type":"post","link":"https:\/\/blogdoedvaldomagalhaes.com.br\/index.php\/2017\/10\/12\/homem-sofre-tentativa-de-homicidio-co\/","title":{"rendered":"Homem sofre tentativa de homic\u00eddio com golpe de faca em Caruaru"},"content":{"rendered":"<div class=\"separator\" style=\"clear: both; text-align: center;\">\n<a href=\"https:\/\/3.bp.blogspot.com\/-gjvOFVNtHzU\/Wd_Z2JJsbRI\/AAAAAAAAhJ8\/SQTI-uqZWigtREpfMXG-LHGvKqQnMJGQQCLcBGAs\/s1600\/faca.jpg\" imageanchor=\"1\" style=\"margin-left: 1em; margin-right: 1em;\"><img loading=\"lazy\" decoding=\"async\" border=\"0\" data-original-height=\"320\" data-original-width=\"180\" height=\"400\" src=\"http:\/\/blogdoedvaldomagalhaes.com.br\/wp-content\/uploads\/2017\/10\/faca.jpg\" width=\"225\" \/><\/a><\/div>\n<div class=\"separator\" style=\"clear: both; text-align: center;\">\nFoto: Reprodu\u00e7\u00e3o\/WhasApp<\/div>\n<div class=\"separator\" style=\"clear: both; text-align: center;\">\n<\/div>\n<div class=\"separator\" style=\"clear: both; text-align: justify;\">\nUm homem identificado por Ronaldo, de 31 anos, foi esfaqueado quando estava na rua Jo\u00e3o Barbosa de Souza, no bairro S\u00e3o Jo\u00e3o da Esc\u00f3cia, saiu correndo e caiu na rua Jo\u00e3o Barbosa de Souza, no mesmo bairro, em Caruaru, nesta tarde de quinta-feira (12). O Samu socorreu a v\u00edtima e a levou para o Hospital Regional do Agreste.<\/div>\n","protected":false},"excerpt":{"rendered":"<p>Foto: Reprodu\u00e7\u00e3o\/WhasApp Um homem identificado por Ronaldo, de 31 anos, foi esfaqueado quando estava na rua Jo\u00e3o Barbosa de Souza,&hellip;<\/p>\n","protected":false},"author":1,"featured_media":0,"comment_status":"open","ping_status":"open","sticky":false,"template":"","format":"standard","meta":{"footnotes":""},"categories":[1],"tags":[5455,2,5456,13,4668],"class_list":["post-4383","post","type-post","status-publish","format-standard","hentry","category-sem-categoria","tag-bairro-sao-joao-joao-da-escocia","tag-blog-do-edvaldo-magalhaes","tag-homem-sofre-tentativa-de-homicidio-com-golpe-de-faca-em-caruaru","tag-policial","tag-ultimas-noticias-policiais"],"_links":{"self":[{"href":"https:\/\/blogdoedvaldomagalhaes.com.br\/index.php\/wp-json\/wp\/v2\/posts\/4383","targetHints":{"allow":["GET"]}}],"collection":[{"href":"https:\/\/blogdoedvaldomagalhaes.com.br\/index.php\/wp-json\/wp\/v2\/posts"}],"about":[{"href":"https:\/\/blogdoedvaldomagalhaes.com.br\/index.php\/wp-json\/wp\/v2\/types\/post"}],"author":[{"embeddable":true,"href":"https:\/\/blogdoedvaldomagalhaes.com.br\/index.php\/wp-json\/wp\/v2\/users\/1"}],"replies":[{"embeddable":true,"href":"https:\/\/blogdoedvaldomagalhaes.com.br\/index.php\/wp-json\/wp\/v2\/comments?post=4383"}],"version-history":[{"count":1,"href":"https:\/\/blogdoedvaldomagalhaes.com.br\/index.php\/wp-json\/wp\/v2\/posts\/4383\/revisions"}],"predecessor-version":[{"id":25066,"href":"https:\/\/blogdoedvaldomagalhaes.com.br\/index.php\/wp-json\/wp\/v2\/posts\/4383\/revisions\/25066"}],"wp:attachment":[{"href":"https:\/\/blogdoedvaldomagalhaes.com.br\/index.php\/wp-json\/wp\/v2\/media?parent=4383"}],"wp:term":[{"taxonomy":"category","embeddable":true,"href":"https:\/\/blogdoedvaldomagalhaes.com.br\/index.php\/wp-json\/wp\/v2\/categories?post=4383"},{"taxonomy":"post_tag","embeddable":true,"href":"https:\/\/blogdoedvaldomagalhaes.com.br\/index.php\/wp-json\/wp\/v2\/tags?post=4383"}],"curies":[{"name":"wp","href":"https:\/\/api.w.org\/{rel}","templated":true}]}}