{"id":437,"date":"2018-12-13T01:01:00","date_gmt":"2018-12-13T03:01:00","guid":{"rendered":"http:\/\/blogdoedvaldomagalhaes.com.br\/index.php\/2018\/12\/13\/liberados-mais-r-82-milhoes-para-obras\/"},"modified":"2019-02-09T02:45:54","modified_gmt":"2019-02-09T04:45:54","slug":"liberados-mais-r-82-milhoes-para-obras","status":"publish","type":"post","link":"https:\/\/blogdoedvaldomagalhaes.com.br\/index.php\/2018\/12\/13\/liberados-mais-r-82-milhoes-para-obras\/","title":{"rendered":"Liberados mais R$ 82 milh\u00f5es para obras da Adutora do Agreste"},"content":{"rendered":"<div class=\"separator\" style=\"clear: both; text-align: center;\">\n<a href=\"https:\/\/1.bp.blogspot.com\/-oE3atECyfz0\/XBGu23w35hI\/AAAAAAAA_qw\/V_1kQqvooWU5SlG4k8FtUA99P5XCI0LrACLcBGAs\/s1600\/IMG-20181212-WA0306.jpg\" imageanchor=\"1\" style=\"margin-left: 1em; margin-right: 1em;\"><img loading=\"lazy\" decoding=\"async\" border=\"0\" data-original-height=\"960\" data-original-width=\"1280\" height=\"480\" src=\"http:\/\/blogdoedvaldomagalhaes.com.br\/wp-content\/uploads\/2018\/12\/IMG-20181212-WA0306.jpg\" width=\"640\" \/><\/a><\/div>\n<div class=\"separator\" style=\"clear: both; text-align: center;\">\nFoto: Divulga\u00e7\u00e3o&nbsp;<\/div>\n<div style=\"text-align: justify;\">\n<\/div>\n<div style=\"text-align: justify;\">\nBRAS\u00cdLIA &#8211; O governador Paulo C\u00e2mara conseguiu assegurar a libera\u00e7\u00e3o de mais R$ 82 milh\u00f5es do Or\u00e7amento Geral da Uni\u00e3o (OGU) para as obras da Adutora do Agreste. A garantia foi dada hoje (12\/12) em audi\u00eancia com o ministro da Integra\u00e7\u00e3o Nacional, Ant\u00f4nio de P\u00e1dua. O OGU 2018 previa R$ 150 milh\u00f5es para a Adutora. &#8220;Ao t\u00e9rmino do ano, essa libera\u00e7\u00e3o \u00e9 fundamental para que as obras tocadas pela Compesa tenham andamento e possam beneficiar o maior n\u00famero de pessoas. O ministro P\u00e1dua teve a sensibilidade em compreender a import\u00e2ncia da Adutora para Pernambuco e assumiu esse compromisso conosco e est\u00e1 cumprindo&#8221;, avaliou Paulo.&nbsp;<\/div>\n<div style=\"text-align: justify;\">\n<\/div>\n<div style=\"text-align: justify;\">\nAtualmente, a Adutora do Agreste \u00e9 a obra h\u00eddrica mais importante para o enfrentamento da seca que castiga Pernambuco e o Nordeste. \u201cCom muita dedica\u00e7\u00e3o e empenho do governador, a Compesa vem conseguindo vencer as etapas para levar \u00e1gua para a popula\u00e7\u00e3o&#8221;, afirmou o presidente da estatal pernambucana, Roberto Tavares, que participou da audi\u00eancia, juntamente com o secret\u00e1rio-chefe do Gabinete do Governo de Pernambuco, Jos\u00e9 Neto. \u201cA \u00e1gua j\u00e1 come\u00e7a a chegar em Pesqueira e tamb\u00e9m chegar\u00e1 a Belo Jardim, beneficiando munic\u00edpios vizinhos como Sanhar\u00f3, Tacaimb\u00f3, Alagoinha e S\u00e3o Bento do Una\u201d, completou Paulo C\u00e2mara . &nbsp;<\/div>\n<div style=\"text-align: justify;\">\n<\/div>\n<div style=\"text-align: justify;\">\nO governador tamb\u00e9m destacou a import\u00e2ncia de o Governo Federal acelerar as obras do Ramal do Agreste, para que, no futuro, Pernambuco possa levar as \u00e1guas do Velho Chico para 68 munic\u00edpios. &nbsp;<\/div>\n<div style=\"text-align: justify;\">\n<\/div>\n<div style=\"text-align: justify;\">\nCom a libera\u00e7\u00e3o prometida hoje, que se somar\u00e1 aos R$ 68 milh\u00f5es repassados nos \u00faltimos dois meses, Pernambuco bater\u00e1 a meta dos R$ 150 milh\u00f5es liberados do Or\u00e7amento 2018. \u201cConsidero fundamental a atua\u00e7\u00e3o pessoal do governador Paulo C\u00e2mara na libera\u00e7\u00e3o dos recursos, ratificando a dedica\u00e7\u00e3o e compromisso com a melhoria do abastecimento em todas as regi\u00f5es de Pernambuco\u201d, destacou Roberto Tavares.<\/div>\n<div style=\"text-align: justify;\">\n<\/div>\n<div style=\"text-align: justify;\">\nInforma\u00e7\u00f5es: Assessoria de imprensa&nbsp;<\/div>\n<div style=\"text-align: justify;\">\n<\/div>\n<div style=\"text-align: justify;\">\n<\/div>\n","protected":false},"excerpt":{"rendered":"<p>Foto: Divulga\u00e7\u00e3o&nbsp; BRAS\u00cdLIA &#8211; O governador Paulo C\u00e2mara conseguiu assegurar a libera\u00e7\u00e3o de mais R$ 82 milh\u00f5es do Or\u00e7amento Geral&hellip;<\/p>\n","protected":false},"author":1,"featured_media":0,"comment_status":"open","ping_status":"open","sticky":false,"template":"","format":"standard","meta":{"footnotes":""},"categories":[1],"tags":[2,354,6],"class_list":["post-437","post","type-post","status-publish","format-standard","hentry","category-sem-categoria","tag-blog-do-edvaldo-magalhaes","tag-liberados-mais-r-82-milhoes-para-obras-da-adutora-do-agreste","tag-noticias"],"_links":{"self":[{"href":"https:\/\/blogdoedvaldomagalhaes.com.br\/index.php\/wp-json\/wp\/v2\/posts\/437","targetHints":{"allow":["GET"]}}],"collection":[{"href":"https:\/\/blogdoedvaldomagalhaes.com.br\/index.php\/wp-json\/wp\/v2\/posts"}],"about":[{"href":"https:\/\/blogdoedvaldomagalhaes.com.br\/index.php\/wp-json\/wp\/v2\/types\/post"}],"author":[{"embeddable":true,"href":"https:\/\/blogdoedvaldomagalhaes.com.br\/index.php\/wp-json\/wp\/v2\/users\/1"}],"replies":[{"embeddable":true,"href":"https:\/\/blogdoedvaldomagalhaes.com.br\/index.php\/wp-json\/wp\/v2\/comments?post=437"}],"version-history":[{"count":1,"href":"https:\/\/blogdoedvaldomagalhaes.com.br\/index.php\/wp-json\/wp\/v2\/posts\/437\/revisions"}],"predecessor-version":[{"id":36782,"href":"https:\/\/blogdoedvaldomagalhaes.com.br\/index.php\/wp-json\/wp\/v2\/posts\/437\/revisions\/36782"}],"wp:attachment":[{"href":"https:\/\/blogdoedvaldomagalhaes.com.br\/index.php\/wp-json\/wp\/v2\/media?parent=437"}],"wp:term":[{"taxonomy":"category","embeddable":true,"href":"https:\/\/blogdoedvaldomagalhaes.com.br\/index.php\/wp-json\/wp\/v2\/categories?post=437"},{"taxonomy":"post_tag","embeddable":true,"href":"https:\/\/blogdoedvaldomagalhaes.com.br\/index.php\/wp-json\/wp\/v2\/tags?post=437"}],"curies":[{"name":"wp","href":"https:\/\/api.w.org\/{rel}","templated":true}]}}