{"id":4362,"date":"2017-10-15T11:08:00","date_gmt":"2017-10-15T13:08:00","guid":{"rendered":"http:\/\/blogdoedvaldomagalhaes.com.br\/index.php\/2017\/10\/15\/sismuc-regional-feliz-dia-dos\/"},"modified":"2019-02-09T01:47:56","modified_gmt":"2019-02-09T03:47:56","slug":"sismuc-regional-feliz-dia-dos","status":"publish","type":"post","link":"https:\/\/blogdoedvaldomagalhaes.com.br\/index.php\/2017\/10\/15\/sismuc-regional-feliz-dia-dos\/","title":{"rendered":"Sismuc Regional: Feliz dia dos Professores, em especial a todos os Professores de Caruaru e Regi\u00e3o"},"content":{"rendered":"<div class=\"separator\" style=\"clear: both; text-align: center;\">\n<a href=\"https:\/\/3.bp.blogspot.com\/-emtwViquLaU\/WeNBdPZ7PWI\/AAAAAAAAhSc\/PIQPC73MKhg_L4j29s8knsOX4Bt85x8gwCLcBGAs\/s1600\/prof.jpg\" imageanchor=\"1\" style=\"margin-left: 1em; margin-right: 1em;\"><img loading=\"lazy\" decoding=\"async\" border=\"0\" data-original-height=\"595\" data-original-width=\"960\" height=\"392\" src=\"http:\/\/blogdoedvaldomagalhaes.com.br\/wp-content\/uploads\/2017\/10\/prof.jpg\" width=\"640\" \/><\/a><\/div>\n<p><\/p>\n<div style=\"text-align: justify;\">\n<\/div>\n<h1 style=\"box-sizing: border-box; line-height: 1.1; margin: 0px 0px 10px 20px; padding-bottom: 10px; padding-top: 20px; text-align: justify;\">\nAo mestre, com carinho!<\/h1>\n<h1 style=\"box-sizing: border-box; font-weight: 500; line-height: 1.1; margin: 0px 0px 10px 20px; padding-bottom: 10px; padding-top: 20px; text-align: justify;\">\nMestre, \u00e9&nbsp;aquele que caminha com o tempo, propondo paz, fazendo comunh\u00e3o, despertando sabedoria.&nbsp;<\/h1>\n<h1 style=\"box-sizing: border-box; font-weight: 500; line-height: 1.1; margin: 0px 0px 10px 20px; padding-bottom: 10px; padding-top: 20px; text-align: justify;\">\nMestre \u00e9 aquele que estende a m\u00e3o, inicia o di\u00e1logo e encaminha para a aventura da vida. N\u00e3o \u00e9 o que ensina f\u00f3rmulas, regras, racioc\u00ednios, mas o que questiona e desperta para a realidade. N\u00e3o \u00e9 aquele que d\u00e1 de seu saber, mas aquele que faz germinar o saber do disc\u00edpulo.&nbsp;<\/h1>\n<h1 style=\"box-sizing: border-box; font-weight: 500; line-height: 1.1; margin: 0px 0px 10px 20px; padding-bottom: 10px; padding-top: 20px; text-align: justify;\">\nMestre \u00e9 voc\u00ea, meu professor amigo que me compreende, me estimula, me comunica e me enriquece com sua presen\u00e7a, seu saber e sua ternura. Eu serei sempre seu disc\u00edpulo na escola da vida. Obrigado, professor!<\/h1>\n<h1 style=\"box-sizing: border-box; line-height: 1.1; margin: 0px 0px 10px 20px; padding-bottom: 10px; padding-top: 20px; text-align: justify;\">\nSer professor<\/h1>\n<h1 style=\"box-sizing: border-box; line-height: 1.1; margin: 0px 0px 10px 20px; padding-bottom: 10px; padding-top: 20px; text-align: justify;\">\nSer professor \u00e9 muito mais do que transmitir o conhecimento.&nbsp;\u00c9 aquele que ensina com dedica\u00e7\u00e3o e paci\u00eancia, \u00e9 aquele que quebra os nossos galhos, aquele que quando tudo est\u00e1 dif\u00edcil abre um sorriso e diz: calma, voc\u00ea vai conseguir.<\/h1>\n<h1 style=\"box-sizing: border-box; line-height: 1.1; margin: 0px 0px 10px 20px; padding-bottom: 10px; padding-top: 20px; text-align: justify;\">\n\u00c9 agir com simplicidade, com companheirismo, est\u00e1 sempre disposto a te ajudar a qualquer hora, enfim todas essas caracter\u00edsticas se resume em voc\u00ea, n\u00e3o \u00e9 a toa que podemos afirmar que voc\u00ea n\u00e3o \u00e9 nosso professor e sim um grande amigo. Parab\u00e9ns pelo seu dia!<\/h1>\n","protected":false},"excerpt":{"rendered":"<p>Ao mestre, com carinho! Mestre, \u00e9&nbsp;aquele que caminha com o tempo, propondo paz, fazendo comunh\u00e3o, despertando sabedoria.&nbsp; Mestre \u00e9 aquele&hellip;<\/p>\n","protected":false},"author":1,"featured_media":0,"comment_status":"open","ping_status":"open","sticky":false,"template":"","format":"standard","meta":{"footnotes":""},"categories":[1],"tags":[2,3236,5420,6,5421],"class_list":["post-4362","post","type-post","status-publish","format-standard","hentry","category-sem-categoria","tag-blog-do-edvaldo-magalhaes","tag-eduardo-mendonca","tag-em-especial-a-todos-os-professores-de-caruaru-e-regiao","tag-noticias","tag-sismuc-regional-feliz-dia-dos-professores"],"_links":{"self":[{"href":"https:\/\/blogdoedvaldomagalhaes.com.br\/index.php\/wp-json\/wp\/v2\/posts\/4362","targetHints":{"allow":["GET"]}}],"collection":[{"href":"https:\/\/blogdoedvaldomagalhaes.com.br\/index.php\/wp-json\/wp\/v2\/posts"}],"about":[{"href":"https:\/\/blogdoedvaldomagalhaes.com.br\/index.php\/wp-json\/wp\/v2\/types\/post"}],"author":[{"embeddable":true,"href":"https:\/\/blogdoedvaldomagalhaes.com.br\/index.php\/wp-json\/wp\/v2\/users\/1"}],"replies":[{"embeddable":true,"href":"https:\/\/blogdoedvaldomagalhaes.com.br\/index.php\/wp-json\/wp\/v2\/comments?post=4362"}],"version-history":[{"count":1,"href":"https:\/\/blogdoedvaldomagalhaes.com.br\/index.php\/wp-json\/wp\/v2\/posts\/4362\/revisions"}],"predecessor-version":[{"id":25111,"href":"https:\/\/blogdoedvaldomagalhaes.com.br\/index.php\/wp-json\/wp\/v2\/posts\/4362\/revisions\/25111"}],"wp:attachment":[{"href":"https:\/\/blogdoedvaldomagalhaes.com.br\/index.php\/wp-json\/wp\/v2\/media?parent=4362"}],"wp:term":[{"taxonomy":"category","embeddable":true,"href":"https:\/\/blogdoedvaldomagalhaes.com.br\/index.php\/wp-json\/wp\/v2\/categories?post=4362"},{"taxonomy":"post_tag","embeddable":true,"href":"https:\/\/blogdoedvaldomagalhaes.com.br\/index.php\/wp-json\/wp\/v2\/tags?post=4362"}],"curies":[{"name":"wp","href":"https:\/\/api.w.org\/{rel}","templated":true}]}}