{"id":43619,"date":"2019-06-19T12:26:32","date_gmt":"2019-06-19T15:26:32","guid":{"rendered":"http:\/\/blogdoedvaldomagalhaes.com.br\/?p=43619"},"modified":"2019-06-19T12:26:34","modified_gmt":"2019-06-19T15:26:34","slug":"der-desliga-lombadas-eletronicas-durante-festejos-juninos","status":"publish","type":"post","link":"https:\/\/blogdoedvaldomagalhaes.com.br\/index.php\/2019\/06\/19\/der-desliga-lombadas-eletronicas-durante-festejos-juninos\/","title":{"rendered":"DER desliga lombadas eletr\u00f4nicas durante festejos juninos"},"content":{"rendered":"<p style=\"text-align: justify;\">Para melhorar a mobilidade nos trechos das rodovias pernambucanas pr\u00f3ximas \u00e0 capital durante o feriado de S\u00e3o Jo\u00e3o, a Secretaria de Infraestrutura e Recursos H\u00eddricos, por meio do Departamento de Estradas de Rodagem (DER), vai desligar as lombadas eletr\u00f4nicas na BR-232, na PE-027 (Estrada de Aldeia), e PE-35, em Itapissuma. As vias devem receber um acr\u00e9scimo m\u00e9dio de 30% no fluxo de ve\u00edculos nos hor\u00e1rios mais movimentados, por conta dos festejos juninos, que acontecem no pr\u00f3ximo final de semana.<\/p>\n<p style=\"text-align: justify;\">A BR-232 \u00e9 a principal rota que liga o Recife \u00e0s cidades do Agreste e do Sert\u00e3o e dever\u00e1 receber 40% a mais no fluxo de ve\u00edculos. A via \u00e9 rota de acesso aos tradicionais polos de festejos juninos, como Caruaru, Gravat\u00e1, Bezerros, Vit\u00f3ria de Santo Ant\u00e3o e Arcoverde, entre outros. O DER far\u00e1 o desligamento dos equipamentos localizados entre os km, 6,2 e 9,2, no Curado, a partir desta quarta-feira (19), \u00e0s 22h.<\/p>\n<p style=\"text-align: justify;\">Na PE-027, tamb\u00e9m conhecida como Estrada de Aldeia, as lombadas ser\u00e3o desligadas no trecho do Km 0,7, e na rodovia PE-035, em Itap\u00edssuma, nos km 7,3 e 7,9. Nas duas rodovias, os equipamentos ser\u00e3o desligados nesta quinta-feira (20), a partir das 12h. Todos os dispositivos de fiscaliza\u00e7\u00e3o eletr\u00f4nica ser\u00e3o religados \u00e0s 5 h da pr\u00f3xima ter\u00e7a-feira (25).<\/p>\n<p style=\"text-align: justify;\">Al\u00e9m disso, os agentes do DER atuar\u00e3o em parceria com os \u00f3rg\u00e3os de tr\u00e2nsito na fiscaliza\u00e7\u00e3o e abordagens aos ve\u00edculos, auxiliando na fluidez do tr\u00e1fego. O objetivo \u00e9 minimizar os transtornos com os poss\u00edveis congestionamentos nos hor\u00e1rios de pico para quem vai pegar as estradas, proporcionando mais seguran\u00e7a e tranquilidade aos usu\u00e1rios.<\/p>\n<p style=\"text-align: justify;\">\n","protected":false},"excerpt":{"rendered":"<p>Para melhorar a mobilidade nos trechos das rodovias pernambucanas pr\u00f3ximas \u00e0 capital durante o feriado de S\u00e3o Jo\u00e3o, a Secretaria&hellip;<\/p>\n","protected":false},"author":1,"featured_media":43620,"comment_status":"closed","ping_status":"open","sticky":false,"template":"","format":"standard","meta":{"footnotes":""},"categories":[14120],"tags":[2,15447,1950,3140],"class_list":["post-43619","post","type-post","status-publish","format-standard","has-post-thumbnail","hentry","category-noticias","tag-blog-do-edvaldo-magalhaes","tag-der-desliga-lombadas-eletronicas-durante-festejos-juninos","tag-noticias-de-caruaru","tag-noticias-de-pernambuco"],"_links":{"self":[{"href":"https:\/\/blogdoedvaldomagalhaes.com.br\/index.php\/wp-json\/wp\/v2\/posts\/43619","targetHints":{"allow":["GET"]}}],"collection":[{"href":"https:\/\/blogdoedvaldomagalhaes.com.br\/index.php\/wp-json\/wp\/v2\/posts"}],"about":[{"href":"https:\/\/blogdoedvaldomagalhaes.com.br\/index.php\/wp-json\/wp\/v2\/types\/post"}],"author":[{"embeddable":true,"href":"https:\/\/blogdoedvaldomagalhaes.com.br\/index.php\/wp-json\/wp\/v2\/users\/1"}],"replies":[{"embeddable":true,"href":"https:\/\/blogdoedvaldomagalhaes.com.br\/index.php\/wp-json\/wp\/v2\/comments?post=43619"}],"version-history":[{"count":1,"href":"https:\/\/blogdoedvaldomagalhaes.com.br\/index.php\/wp-json\/wp\/v2\/posts\/43619\/revisions"}],"predecessor-version":[{"id":43621,"href":"https:\/\/blogdoedvaldomagalhaes.com.br\/index.php\/wp-json\/wp\/v2\/posts\/43619\/revisions\/43621"}],"wp:featuredmedia":[{"embeddable":true,"href":"https:\/\/blogdoedvaldomagalhaes.com.br\/index.php\/wp-json\/wp\/v2\/media\/43620"}],"wp:attachment":[{"href":"https:\/\/blogdoedvaldomagalhaes.com.br\/index.php\/wp-json\/wp\/v2\/media?parent=43619"}],"wp:term":[{"taxonomy":"category","embeddable":true,"href":"https:\/\/blogdoedvaldomagalhaes.com.br\/index.php\/wp-json\/wp\/v2\/categories?post=43619"},{"taxonomy":"post_tag","embeddable":true,"href":"https:\/\/blogdoedvaldomagalhaes.com.br\/index.php\/wp-json\/wp\/v2\/tags?post=43619"}],"curies":[{"name":"wp","href":"https:\/\/api.w.org\/{rel}","templated":true}]}}