{"id":43616,"date":"2019-06-19T12:23:18","date_gmt":"2019-06-19T15:23:18","guid":{"rendered":"http:\/\/blogdoedvaldomagalhaes.com.br\/?p=43616"},"modified":"2019-06-19T12:23:20","modified_gmt":"2019-06-19T15:23:20","slug":"integrantes-de-quadrilha-alagoana-de-assaltantes-sao-presos-em-caruaru","status":"publish","type":"post","link":"https:\/\/blogdoedvaldomagalhaes.com.br\/index.php\/2019\/06\/19\/integrantes-de-quadrilha-alagoana-de-assaltantes-sao-presos-em-caruaru\/","title":{"rendered":"Integrantes de quadrilha alagoana de assaltantes s\u00e3o presos em Caruaru"},"content":{"rendered":"<div class=\"post_text\">\n<p style=\"text-align: justify;\">Policiais do BIEsp prenderam na tarde desta ter\u00e7a-feira (18), em Caruaru, tr\u00eas homens em atitude suspeita em um shopping da cidade. Foram detidos Warlley Fernande de Arruda, 29 anos; Diego Santos Queiroz, 31; e Jos\u00e9 Carlos Fragoso, 26 anos.<\/p>\n<p style=\"text-align: justify;\">Com eles, a pol\u00edcia encontrou uma bolsa com objetos e documentos da secret\u00e1ria de Sa\u00fade de Taquaritinga do Norte, Poliana Santana, que teve o carro arrombado no estacionamento do centro de compras. Os policiais tamb\u00e9m recuperaram dois ve\u00edculos, um deles tomado de assalto e abandonado \u00e0s margens da BR-104.<\/p>\n<p style=\"text-align: justify;\">Os suspeitos, que s\u00e3o de Macei\u00f3, Alagoas, foram levados para o Plant\u00e3o da 3\u00aa Delegacia, e ser\u00e3o apresentados na audi\u00eancia de cust\u00f3dia nesta quarta-feira (19). De acordo com o delegado Eduardo Sunaga, eles fazem parte de uma quadrilha alagoana que est\u00e1 cometendo assaltos em Caruaru.<\/p>\n<p>Informa\u00e7\u00f5es: Helenivaldo Pereira\/R\u00e1dio Liberdade.<\/p>\n<\/div>\n<div class=\"social_tags\">\n<div class=\"social_tags_left\" style=\"text-align: justify;\"><\/div>\n<\/div>\n","protected":false},"excerpt":{"rendered":"<p>Policiais do BIEsp prenderam na tarde desta ter\u00e7a-feira (18), em Caruaru, tr\u00eas homens em atitude suspeita em um shopping da&hellip;<\/p>\n","protected":false},"author":1,"featured_media":43617,"comment_status":"closed","ping_status":"open","sticky":false,"template":"","format":"standard","meta":{"footnotes":""},"categories":[14121],"tags":[2,15446],"class_list":["post-43616","post","type-post","status-publish","format-standard","has-post-thumbnail","hentry","category-policial","tag-blog-do-edvaldo-magalhaes","tag-integrantes-de-quadrilha-alagoana-de-assaltantes-sao-presos-em-caruaru"],"_links":{"self":[{"href":"https:\/\/blogdoedvaldomagalhaes.com.br\/index.php\/wp-json\/wp\/v2\/posts\/43616","targetHints":{"allow":["GET"]}}],"collection":[{"href":"https:\/\/blogdoedvaldomagalhaes.com.br\/index.php\/wp-json\/wp\/v2\/posts"}],"about":[{"href":"https:\/\/blogdoedvaldomagalhaes.com.br\/index.php\/wp-json\/wp\/v2\/types\/post"}],"author":[{"embeddable":true,"href":"https:\/\/blogdoedvaldomagalhaes.com.br\/index.php\/wp-json\/wp\/v2\/users\/1"}],"replies":[{"embeddable":true,"href":"https:\/\/blogdoedvaldomagalhaes.com.br\/index.php\/wp-json\/wp\/v2\/comments?post=43616"}],"version-history":[{"count":1,"href":"https:\/\/blogdoedvaldomagalhaes.com.br\/index.php\/wp-json\/wp\/v2\/posts\/43616\/revisions"}],"predecessor-version":[{"id":43618,"href":"https:\/\/blogdoedvaldomagalhaes.com.br\/index.php\/wp-json\/wp\/v2\/posts\/43616\/revisions\/43618"}],"wp:featuredmedia":[{"embeddable":true,"href":"https:\/\/blogdoedvaldomagalhaes.com.br\/index.php\/wp-json\/wp\/v2\/media\/43617"}],"wp:attachment":[{"href":"https:\/\/blogdoedvaldomagalhaes.com.br\/index.php\/wp-json\/wp\/v2\/media?parent=43616"}],"wp:term":[{"taxonomy":"category","embeddable":true,"href":"https:\/\/blogdoedvaldomagalhaes.com.br\/index.php\/wp-json\/wp\/v2\/categories?post=43616"},{"taxonomy":"post_tag","embeddable":true,"href":"https:\/\/blogdoedvaldomagalhaes.com.br\/index.php\/wp-json\/wp\/v2\/tags?post=43616"}],"curies":[{"name":"wp","href":"https:\/\/api.w.org\/{rel}","templated":true}]}}