{"id":43610,"date":"2019-06-19T10:52:43","date_gmt":"2019-06-19T13:52:43","guid":{"rendered":"http:\/\/blogdoedvaldomagalhaes.com.br\/?p=43610"},"modified":"2019-06-19T19:24:27","modified_gmt":"2019-06-19T22:24:27","slug":"varias-homenagens-na-20a-festa-da-maior-pipoca-do-mundo-confira","status":"publish","type":"post","link":"https:\/\/blogdoedvaldomagalhaes.com.br\/index.php\/2019\/06\/19\/varias-homenagens-na-20a-festa-da-maior-pipoca-do-mundo-confira\/","title":{"rendered":"V\u00e1rias homenagens na 20\u00aa festa da Maior Pipoca do Mundo; Confira"},"content":{"rendered":"\n<figure class=\"wp-block-image\"><img loading=\"lazy\" decoding=\"async\" width=\"800\" height=\"200\" src=\"http:\/\/blogdoedvaldomagalhaes.com.br\/wp-content\/uploads\/2019\/06\/Gif-2.gif\" alt=\"\" class=\"wp-image-43036\"\/><\/figure>\n\n\n\n<p>A festa da Maior Pipoca do Mundo foi realizada na noite dessa ter\u00e7a-feira (18), no bairro Rendeiras. O evento faz parte da programa\u00e7\u00e3o do S\u00e3o Jo\u00e3o de Caruaru h\u00e1 20 anos e, atualmente, distribui para a popula\u00e7\u00e3o 15 mil saquinhos de pipoca, levando divers\u00e3o \u00e0 crian\u00e7ada e tamb\u00e9m aos adultos. Nesta edi\u00e7\u00e3o, foram prestadas algumas homenagens, entre elas a prefeita Raquel Lyra, presidente da Funda\u00e7\u00e3o de Cultura e Turismo, Rubens J\u00fanior, rep\u00f3rter\/blogueiro, Edvaldo Magalh\u00e3es, M\u00e1rcio gerente da S\u00e3o Braz, H\u00e9lder gerente da vitarela, Marco do trio Mania, dona Maria secret\u00e1ria de Alexandre da Pitu, dona L\u00facia secret\u00e1ria da Pitu, Douglas Cintra, Rodolfo, delegado Erick Lessa, e Afonso dono do produtos Caruaru<\/p>\n\n\n\n<figure class=\"wp-block-image\"><img loading=\"lazy\" decoding=\"async\" width=\"1024\" height=\"682\" src=\"http:\/\/blogdoedvaldomagalhaes.com.br\/wp-content\/uploads\/2019\/06\/IMG-20190619-WA0000-1024x682.jpg\" alt=\"\" class=\"wp-image-43612\" srcset=\"https:\/\/blogdoedvaldomagalhaes.com.br\/wp-content\/uploads\/2019\/06\/IMG-20190619-WA0000-1024x682.jpg 1024w, https:\/\/blogdoedvaldomagalhaes.com.br\/wp-content\/uploads\/2019\/06\/IMG-20190619-WA0000-300x200.jpg 300w, https:\/\/blogdoedvaldomagalhaes.com.br\/wp-content\/uploads\/2019\/06\/IMG-20190619-WA0000-768x512.jpg 768w, https:\/\/blogdoedvaldomagalhaes.com.br\/wp-content\/uploads\/2019\/06\/IMG-20190619-WA0000.jpg 1280w\" sizes=\"auto, (max-width: 1024px) 100vw, 1024px\" \/><figcaption>Fotos: Alisson Lima<\/figcaption><\/figure>\n\n\n\n<p>Agradecida pela homenagem, a prefeita falou sobre a import\u00e2ncia das comidas gigantes para o munic\u00edpio. \u201cElas abrilhantam o S\u00e3o Jo\u00e3o que fazemos nos bairros, nas vilas e que hoje est\u00e3o bem ocupados atrav\u00e9s desses eventos. A popula\u00e7\u00e3o prestigia, fazendo a alegria e trazendo essa cultura para o nosso calend\u00e1rio tur\u00edstico\u201d, disse.<\/p>\n\n\n\n<figure class=\"wp-block-image\"><img loading=\"lazy\" decoding=\"async\" width=\"1024\" height=\"682\" src=\"http:\/\/blogdoedvaldomagalhaes.com.br\/wp-content\/uploads\/2019\/06\/IMG-20190619-WA0005-1024x682.jpg\" alt=\"\" class=\"wp-image-43613\" srcset=\"https:\/\/blogdoedvaldomagalhaes.com.br\/wp-content\/uploads\/2019\/06\/IMG-20190619-WA0005-1024x682.jpg 1024w, https:\/\/blogdoedvaldomagalhaes.com.br\/wp-content\/uploads\/2019\/06\/IMG-20190619-WA0005-300x200.jpg 300w, https:\/\/blogdoedvaldomagalhaes.com.br\/wp-content\/uploads\/2019\/06\/IMG-20190619-WA0005-768x512.jpg 768w, https:\/\/blogdoedvaldomagalhaes.com.br\/wp-content\/uploads\/2019\/06\/IMG-20190619-WA0005.jpg 1280w\" sizes=\"auto, (max-width: 1024px) 100vw, 1024px\" \/><\/figure>\n\n\n\n<p>Segundo o organizador da festa, Alexandre Oliveira, a ideia de criar o evento foi inspirada atrav\u00e9s das outras festividades do tipo que eram realizadas no bairro. \u201cGra\u00e7as a Deus deu certo e estamos at\u00e9 hoje. O pessoal da comunidade \u00e9 quem mais frequenta a festa. O que vale para a gente \u00e9 isso: eles gostarem do que estamos fazendo\u201d, destacou.<\/p>\n\n\n\n<figure class=\"wp-block-image\"><img loading=\"lazy\" decoding=\"async\" width=\"1024\" height=\"786\" src=\"http:\/\/blogdoedvaldomagalhaes.com.br\/wp-content\/uploads\/2019\/06\/IMG-20190618-WA0102-1024x786.jpg\" alt=\"\" class=\"wp-image-43614\" srcset=\"https:\/\/blogdoedvaldomagalhaes.com.br\/wp-content\/uploads\/2019\/06\/IMG-20190618-WA0102-1024x786.jpg 1024w, https:\/\/blogdoedvaldomagalhaes.com.br\/wp-content\/uploads\/2019\/06\/IMG-20190618-WA0102-300x230.jpg 300w, https:\/\/blogdoedvaldomagalhaes.com.br\/wp-content\/uploads\/2019\/06\/IMG-20190618-WA0102-768x590.jpg 768w, https:\/\/blogdoedvaldomagalhaes.com.br\/wp-content\/uploads\/2019\/06\/IMG-20190618-WA0102.jpg 1280w\" sizes=\"auto, (max-width: 1024px) 100vw, 1024px\" \/><figcaption>Foto: Douglas Balbino\/Bucano Web<br><\/figcaption><\/figure>\n\n\n\n<figure class=\"wp-block-image\"><img loading=\"lazy\" decoding=\"async\" width=\"1024\" height=\"682\" src=\"http:\/\/blogdoedvaldomagalhaes.com.br\/wp-content\/uploads\/2019\/06\/IMG-20190619-WA0362-1024x682.jpg\" alt=\"\" class=\"wp-image-43639\" srcset=\"https:\/\/blogdoedvaldomagalhaes.com.br\/wp-content\/uploads\/2019\/06\/IMG-20190619-WA0362-1024x682.jpg 1024w, https:\/\/blogdoedvaldomagalhaes.com.br\/wp-content\/uploads\/2019\/06\/IMG-20190619-WA0362-300x200.jpg 300w, https:\/\/blogdoedvaldomagalhaes.com.br\/wp-content\/uploads\/2019\/06\/IMG-20190619-WA0362-768x512.jpg 768w, https:\/\/blogdoedvaldomagalhaes.com.br\/wp-content\/uploads\/2019\/06\/IMG-20190619-WA0362.jpg 1280w\" sizes=\"auto, (max-width: 1024px) 100vw, 1024px\" \/><\/figure>\n\n\n\n<figure class=\"wp-block-image\"><img loading=\"lazy\" decoding=\"async\" width=\"1024\" height=\"682\" src=\"http:\/\/blogdoedvaldomagalhaes.com.br\/wp-content\/uploads\/2019\/06\/IMG-20190619-WA0363-1024x682.jpg\" alt=\"\" class=\"wp-image-43640\" srcset=\"https:\/\/blogdoedvaldomagalhaes.com.br\/wp-content\/uploads\/2019\/06\/IMG-20190619-WA0363-1024x682.jpg 1024w, https:\/\/blogdoedvaldomagalhaes.com.br\/wp-content\/uploads\/2019\/06\/IMG-20190619-WA0363-300x200.jpg 300w, https:\/\/blogdoedvaldomagalhaes.com.br\/wp-content\/uploads\/2019\/06\/IMG-20190619-WA0363-768x512.jpg 768w, https:\/\/blogdoedvaldomagalhaes.com.br\/wp-content\/uploads\/2019\/06\/IMG-20190619-WA0363.jpg 1280w\" sizes=\"auto, (max-width: 1024px) 100vw, 1024px\" \/><\/figure>\n\n\n\n<figure class=\"wp-block-image\"><img loading=\"lazy\" decoding=\"async\" width=\"1024\" height=\"682\" src=\"http:\/\/blogdoedvaldomagalhaes.com.br\/wp-content\/uploads\/2019\/06\/IMG-20190619-WA0356-1024x682.jpg\" alt=\"\" class=\"wp-image-43641\" srcset=\"https:\/\/blogdoedvaldomagalhaes.com.br\/wp-content\/uploads\/2019\/06\/IMG-20190619-WA0356-1024x682.jpg 1024w, https:\/\/blogdoedvaldomagalhaes.com.br\/wp-content\/uploads\/2019\/06\/IMG-20190619-WA0356-300x200.jpg 300w, https:\/\/blogdoedvaldomagalhaes.com.br\/wp-content\/uploads\/2019\/06\/IMG-20190619-WA0356-768x512.jpg 768w, https:\/\/blogdoedvaldomagalhaes.com.br\/wp-content\/uploads\/2019\/06\/IMG-20190619-WA0356.jpg 1280w\" sizes=\"auto, (max-width: 1024px) 100vw, 1024px\" \/><\/figure>\n\n\n\n<p>As quase 40 festas de comidas gigantes que acontecem em Caruaru no per\u00edodo junino contam apoio da prefeitura, atrav\u00e9s da Funda\u00e7\u00e3o de Cultura e Turismo. Para o presidente do \u00f3rg\u00e3o, Rubens J\u00fanior, o incentivo da gest\u00e3o municipal e a presen\u00e7a nos locais das iguarias permitem que elas cres\u00e7am a cada ano, mantendo a tradi\u00e7\u00e3o.<\/p>\n\n\n\n<p>Por Paula Cavalcante.<\/p>\n","protected":false},"excerpt":{"rendered":"<p>A festa da Maior Pipoca do Mundo foi realizada na noite dessa ter\u00e7a-feira (18), no bairro Rendeiras. O evento faz&hellip;<\/p>\n","protected":false},"author":1,"featured_media":43611,"comment_status":"closed","ping_status":"open","sticky":false,"template":"","format":"standard","meta":{"footnotes":""},"categories":[15294],"tags":[2,15445],"class_list":["post-43610","post","type-post","status-publish","format-standard","has-post-thumbnail","hentry","category-sao-joao","tag-blog-do-edvaldo-magalhaes","tag-varias-homenagens-na-20a-festa-da-maior-pipoca-do-mundo-confira"],"_links":{"self":[{"href":"https:\/\/blogdoedvaldomagalhaes.com.br\/index.php\/wp-json\/wp\/v2\/posts\/43610","targetHints":{"allow":["GET"]}}],"collection":[{"href":"https:\/\/blogdoedvaldomagalhaes.com.br\/index.php\/wp-json\/wp\/v2\/posts"}],"about":[{"href":"https:\/\/blogdoedvaldomagalhaes.com.br\/index.php\/wp-json\/wp\/v2\/types\/post"}],"author":[{"embeddable":true,"href":"https:\/\/blogdoedvaldomagalhaes.com.br\/index.php\/wp-json\/wp\/v2\/users\/1"}],"replies":[{"embeddable":true,"href":"https:\/\/blogdoedvaldomagalhaes.com.br\/index.php\/wp-json\/wp\/v2\/comments?post=43610"}],"version-history":[{"count":3,"href":"https:\/\/blogdoedvaldomagalhaes.com.br\/index.php\/wp-json\/wp\/v2\/posts\/43610\/revisions"}],"predecessor-version":[{"id":43643,"href":"https:\/\/blogdoedvaldomagalhaes.com.br\/index.php\/wp-json\/wp\/v2\/posts\/43610\/revisions\/43643"}],"wp:featuredmedia":[{"embeddable":true,"href":"https:\/\/blogdoedvaldomagalhaes.com.br\/index.php\/wp-json\/wp\/v2\/media\/43611"}],"wp:attachment":[{"href":"https:\/\/blogdoedvaldomagalhaes.com.br\/index.php\/wp-json\/wp\/v2\/media?parent=43610"}],"wp:term":[{"taxonomy":"category","embeddable":true,"href":"https:\/\/blogdoedvaldomagalhaes.com.br\/index.php\/wp-json\/wp\/v2\/categories?post=43610"},{"taxonomy":"post_tag","embeddable":true,"href":"https:\/\/blogdoedvaldomagalhaes.com.br\/index.php\/wp-json\/wp\/v2\/tags?post=43610"}],"curies":[{"name":"wp","href":"https:\/\/api.w.org\/{rel}","templated":true}]}}