{"id":4336,"date":"2017-10-17T20:42:00","date_gmt":"2017-10-17T22:42:00","guid":{"rendered":"http:\/\/blogdoedvaldomagalhaes.com.br\/index.php\/2017\/10\/17\/mstst-apos-10-meses-de-espera-e\/"},"modified":"2019-02-09T01:48:18","modified_gmt":"2019-02-09T03:48:18","slug":"mstst-apos-10-meses-de-espera-e","status":"publish","type":"post","link":"https:\/\/blogdoedvaldomagalhaes.com.br\/index.php\/2017\/10\/17\/mstst-apos-10-meses-de-espera-e\/","title":{"rendered":"MTST ap\u00f3s 10 meses de espera \u00e9 atendido pela prefeita de Caruaru"},"content":{"rendered":"<div class=\"separator\" style=\"clear: both; text-align: center;\">\n<a href=\"https:\/\/4.bp.blogspot.com\/-8QbObY4Uf8Y\/WeZqvOV0N4I\/AAAAAAAAhjc\/PBS6bA2l5kIdVsvNQo1YuACiwy7dL8cLACLcBGAs\/s1600\/IMG-20171017-WA0167.jpg\" imageanchor=\"1\" style=\"margin-left: 1em; margin-right: 1em;\"><img loading=\"lazy\" decoding=\"async\" border=\"0\" data-original-height=\"960\" data-original-width=\"1280\" height=\"300\" src=\"http:\/\/blogdoedvaldomagalhaes.com.br\/wp-content\/uploads\/2017\/10\/IMG-20171017-WA0167.jpg\" width=\"400\" \/><\/a><\/div>\n<div class=\"separator\" style=\"clear: both; text-align: center;\">\n<\/div>\n<p><\/p>\n<div style=\"text-align: justify;\">\n<b>Nota<\/b> do Movimento dos Trabalhadores Sem Teto (MTST), filiado \u00e0 Uni\u00e3o &nbsp;Nacional por Moradia Popular:<\/div>\n<p><\/p>\n<div style=\"text-align: justify;\">\n<\/div>\n<div style=\"text-align: justify;\">\nA nossa reivindica\u00e7\u00e3o de atendimento faz parte da agenda prometida em campanha, por\u00e9m somente ap\u00f3s os 10 meses, &nbsp;3 of\u00edcios e uma mobiliza\u00e7\u00e3o na Cidade de Caruaru foi que conseguimos agendar a reuni\u00e3o.&nbsp;<\/div>\n<div style=\"text-align: justify;\">\n<\/div>\n<div style=\"text-align: justify;\">\nNeste sentido lamentamos a falta de respeito com que fomos tratados, al\u00e9m do atraso, pois a reuni\u00e3o havia sido agendada para \u00e0s 9h e somente fomos atendidos \u00e0s 10h55min, fomos \u201cengolidos\u201d pela pressa no atendimento.&nbsp;<\/div>\n<div style=\"text-align: justify;\">\nSe quer conseguimos debater nossas pautas e fomos atropelados pela pressa da Prefeita que alegou viagem a Bras\u00edlia, no entanto somente saiu do local 50 minutos ap\u00f3s o t\u00e9rmino for\u00e7ado da reuni\u00e3o.<\/div>\n<div style=\"text-align: justify;\">\n<\/div>\n<div style=\"text-align: justify;\">\nDiante disso vimos por meio desta expressar nossa indigna\u00e7\u00e3o.<\/div>\n<div style=\"text-align: justify;\">\n<\/div>\n<div style=\"text-align: justify;\">\nNossas pautas s\u00e3o leg\u00edtimas e temos respostas a dar \u00e0s fam\u00edlias, e diante do descaso a qual fomos repudiamos posicionamentos como o da Prefeita Raquel Lyra.<\/div>\n","protected":false},"excerpt":{"rendered":"<p>Nota do Movimento dos Trabalhadores Sem Teto (MTST), filiado \u00e0 Uni\u00e3o &nbsp;Nacional por Moradia Popular: A nossa reivindica\u00e7\u00e3o de atendimento&hellip;<\/p>\n","protected":false},"author":1,"featured_media":0,"comment_status":"open","ping_status":"open","sticky":false,"template":"","format":"standard","meta":{"footnotes":""},"categories":[1],"tags":[2,5380,6],"class_list":["post-4336","post","type-post","status-publish","format-standard","hentry","category-sem-categoria","tag-blog-do-edvaldo-magalhaes","tag-mstst-apos-10-meses-de-espera-e-atendido-pela-prefeita-de-caruaru","tag-noticias"],"_links":{"self":[{"href":"https:\/\/blogdoedvaldomagalhaes.com.br\/index.php\/wp-json\/wp\/v2\/posts\/4336","targetHints":{"allow":["GET"]}}],"collection":[{"href":"https:\/\/blogdoedvaldomagalhaes.com.br\/index.php\/wp-json\/wp\/v2\/posts"}],"about":[{"href":"https:\/\/blogdoedvaldomagalhaes.com.br\/index.php\/wp-json\/wp\/v2\/types\/post"}],"author":[{"embeddable":true,"href":"https:\/\/blogdoedvaldomagalhaes.com.br\/index.php\/wp-json\/wp\/v2\/users\/1"}],"replies":[{"embeddable":true,"href":"https:\/\/blogdoedvaldomagalhaes.com.br\/index.php\/wp-json\/wp\/v2\/comments?post=4336"}],"version-history":[{"count":1,"href":"https:\/\/blogdoedvaldomagalhaes.com.br\/index.php\/wp-json\/wp\/v2\/posts\/4336\/revisions"}],"predecessor-version":[{"id":25193,"href":"https:\/\/blogdoedvaldomagalhaes.com.br\/index.php\/wp-json\/wp\/v2\/posts\/4336\/revisions\/25193"}],"wp:attachment":[{"href":"https:\/\/blogdoedvaldomagalhaes.com.br\/index.php\/wp-json\/wp\/v2\/media?parent=4336"}],"wp:term":[{"taxonomy":"category","embeddable":true,"href":"https:\/\/blogdoedvaldomagalhaes.com.br\/index.php\/wp-json\/wp\/v2\/categories?post=4336"},{"taxonomy":"post_tag","embeddable":true,"href":"https:\/\/blogdoedvaldomagalhaes.com.br\/index.php\/wp-json\/wp\/v2\/tags?post=4336"}],"curies":[{"name":"wp","href":"https:\/\/api.w.org\/{rel}","templated":true}]}}