{"id":4335,"date":"2017-10-17T23:28:00","date_gmt":"2017-10-18T01:28:00","guid":{"rendered":"http:\/\/blogdoedvaldomagalhaes.com.br\/index.php\/2017\/10\/17\/camara-de-caruaru-realiza-sessao-solene\/"},"modified":"2019-02-09T01:48:18","modified_gmt":"2019-02-09T03:48:18","slug":"camara-de-caruaru-realiza-sessao-solene","status":"publish","type":"post","link":"https:\/\/blogdoedvaldomagalhaes.com.br\/index.php\/2017\/10\/17\/camara-de-caruaru-realiza-sessao-solene\/","title":{"rendered":"C\u00e2mara de Caruaru realiza Sess\u00e3o Solene em homenagem aos 100 anos de Jos\u00e9 Cond\u00e9"},"content":{"rendered":"<div class=\"separator\" style=\"clear: both; text-align: center;\">\n<a href=\"https:\/\/3.bp.blogspot.com\/-0lh-yWD-Dto\/WeaR7xdNbUI\/AAAAAAAAhkc\/Gsk78xCBgjw5Ig_V4wTpNWiGR9Fb4tpSQCLcBGAs\/s1600\/jos%25C3%25A9.jpg\" imageanchor=\"1\" style=\"margin-left: 1em; margin-right: 1em;\"><img loading=\"lazy\" decoding=\"async\" border=\"0\" data-original-height=\"440\" data-original-width=\"322\" height=\"400\" src=\"http:\/\/blogdoedvaldomagalhaes.com.br\/wp-content\/uploads\/2017\/10\/josC3A9.jpg\" width=\"292\" \/><\/a><\/div>\n<div style=\"text-align: justify;\">\n<\/div>\n<div style=\"text-align: justify;\">\nJornalista e escritor liter\u00e1rio brasileiro, Jos\u00e9 Ferreira Cond\u00e9, nascido em Caruaru no dia 22 de outubro de 1917, \u00e9 conhecido por ter representado o Munic\u00edpio, especialmente no romance Terra de Caruaru. Por toda sua trajet\u00f3ria de vida e seu legado, diversas homenagens est\u00e3o sendo feitas em Caruaru com programa\u00e7\u00e3o especial nomeada de \u201cSemana Cond\u00e9\u201d. Por isso, a C\u00e2mara Municipal, atrav\u00e9s de proposta feita pelo vereador Marcelo Gomes (PSB) realizar\u00e1 uma sess\u00e3o solene nesta sexta-feira (20), \u00e0s 20h, para lembrar o centen\u00e1rio do escritor.&nbsp;<\/div>\n<div style=\"text-align: justify;\">\n<\/div>\n<div style=\"text-align: justify;\">\nO vereador Marcelo Gomes ressalta a import\u00e2ncia de Cond\u00e9 para a literatura brasileira. \u201cJos\u00e9 Cond\u00e9 representa a cultura do nosso Pa\u00eds. \u00c9 um orgulho homenagear e agradecer pelos ensinamentos e representa\u00e7\u00e3o deixadas por ele. A C\u00e2mara Municipal vai fazer uma bel\u00edssima homenagem a este grande escritor e cidad\u00e3o caruaruense atrav\u00e9s da filha dele, Vera Cond\u00e9, que receber\u00e1 o t\u00edtulo de cidad\u00e3 de nossa Cidade&#8221;, destacou o vereador<\/div>\n","protected":false},"excerpt":{"rendered":"<p>Jornalista e escritor liter\u00e1rio brasileiro, Jos\u00e9 Ferreira Cond\u00e9, nascido em Caruaru no dia 22 de outubro de 1917, \u00e9 conhecido&hellip;<\/p>\n","protected":false},"author":1,"featured_media":0,"comment_status":"open","ping_status":"open","sticky":false,"template":"","format":"standard","meta":{"footnotes":""},"categories":[1],"tags":[2,5379,379,3114,20,381],"class_list":["post-4335","post","type-post","status-publish","format-standard","hentry","category-sem-categoria","tag-blog-do-edvaldo-magalhaes","tag-camara-de-caruaru-realiza-sessao-solene-em-homenagem-aos-100-anos-de-jose-conde","tag-marcelo-gomes","tag-noticias-da-politica-de-caruaru","tag-politica","tag-psb"],"_links":{"self":[{"href":"https:\/\/blogdoedvaldomagalhaes.com.br\/index.php\/wp-json\/wp\/v2\/posts\/4335","targetHints":{"allow":["GET"]}}],"collection":[{"href":"https:\/\/blogdoedvaldomagalhaes.com.br\/index.php\/wp-json\/wp\/v2\/posts"}],"about":[{"href":"https:\/\/blogdoedvaldomagalhaes.com.br\/index.php\/wp-json\/wp\/v2\/types\/post"}],"author":[{"embeddable":true,"href":"https:\/\/blogdoedvaldomagalhaes.com.br\/index.php\/wp-json\/wp\/v2\/users\/1"}],"replies":[{"embeddable":true,"href":"https:\/\/blogdoedvaldomagalhaes.com.br\/index.php\/wp-json\/wp\/v2\/comments?post=4335"}],"version-history":[{"count":1,"href":"https:\/\/blogdoedvaldomagalhaes.com.br\/index.php\/wp-json\/wp\/v2\/posts\/4335\/revisions"}],"predecessor-version":[{"id":25195,"href":"https:\/\/blogdoedvaldomagalhaes.com.br\/index.php\/wp-json\/wp\/v2\/posts\/4335\/revisions\/25195"}],"wp:attachment":[{"href":"https:\/\/blogdoedvaldomagalhaes.com.br\/index.php\/wp-json\/wp\/v2\/media?parent=4335"}],"wp:term":[{"taxonomy":"category","embeddable":true,"href":"https:\/\/blogdoedvaldomagalhaes.com.br\/index.php\/wp-json\/wp\/v2\/categories?post=4335"},{"taxonomy":"post_tag","embeddable":true,"href":"https:\/\/blogdoedvaldomagalhaes.com.br\/index.php\/wp-json\/wp\/v2\/tags?post=4335"}],"curies":[{"name":"wp","href":"https:\/\/api.w.org\/{rel}","templated":true}]}}