{"id":4333,"date":"2017-10-17T23:44:00","date_gmt":"2017-10-18T01:44:00","guid":{"rendered":"http:\/\/blogdoedvaldomagalhaes.com.br\/index.php\/2017\/10\/17\/raquel-lyra-participa-da-marcha-dos\/"},"modified":"2019-02-09T01:48:18","modified_gmt":"2019-02-09T03:48:18","slug":"raquel-lyra-participa-da-marcha-dos","status":"publish","type":"post","link":"https:\/\/blogdoedvaldomagalhaes.com.br\/index.php\/2017\/10\/17\/raquel-lyra-participa-da-marcha-dos\/","title":{"rendered":"Raquel Lyra participa da marcha dos prefeitos em Bras\u00edlia"},"content":{"rendered":"<div class=\"separator\" style=\"clear: both; text-align: center;\">\n<a href=\"https:\/\/4.bp.blogspot.com\/-KYhm1jrECEA\/WeaVi0LdQ_I\/AAAAAAAAhkw\/IXq04pVmKsQ1HBzjd3EmdMu2II4dktcsACLcBGAs\/s1600\/pref.jpg\" imageanchor=\"1\" style=\"margin-left: 1em; margin-right: 1em;\"><img loading=\"lazy\" decoding=\"async\" border=\"0\" data-original-height=\"1067\" data-original-width=\"1600\" height=\"266\" src=\"http:\/\/blogdoedvaldomagalhaes.com.br\/wp-content\/uploads\/2017\/10\/pref-1.jpg\" width=\"400\" \/><\/a><\/div>\n<div style=\"text-align: justify;\">\n<\/div>\n<div style=\"text-align: justify;\">\nA prefeita de Caruaru, Raquel Lyra (PSDB), est\u00e1 em Bras\u00edlia-DF, onde far\u00e1 parte da marcha dos prefeitos, que v\u00e3o pedir recursos ao Governo Federal. A marcha \u00e9 uma iniciativa da Associa\u00e7\u00e3o Municipalista de Pernambuco (Amupe) e vai reunir mais de 80 prefeitos de todas as regi\u00f5es de Pernambuco.<\/div>\n","protected":false},"excerpt":{"rendered":"<p>A prefeita de Caruaru, Raquel Lyra (PSDB), est\u00e1 em Bras\u00edlia-DF, onde far\u00e1 parte da marcha dos prefeitos, que v\u00e3o pedir&hellip;<\/p>\n","protected":false},"author":1,"featured_media":0,"comment_status":"open","ping_status":"open","sticky":false,"template":"","format":"standard","meta":{"footnotes":""},"categories":[1],"tags":[5376,2,3121,20,1951,5377],"class_list":["post-4333","post","type-post","status-publish","format-standard","hentry","category-sem-categoria","tag-amupe","tag-blog-do-edvaldo-magalhaes","tag-noticias-da-politica","tag-politica","tag-psdb","tag-raquel-lyra-participa-da-marcha-dos-prefeitos-em-brasilia"],"_links":{"self":[{"href":"https:\/\/blogdoedvaldomagalhaes.com.br\/index.php\/wp-json\/wp\/v2\/posts\/4333","targetHints":{"allow":["GET"]}}],"collection":[{"href":"https:\/\/blogdoedvaldomagalhaes.com.br\/index.php\/wp-json\/wp\/v2\/posts"}],"about":[{"href":"https:\/\/blogdoedvaldomagalhaes.com.br\/index.php\/wp-json\/wp\/v2\/types\/post"}],"author":[{"embeddable":true,"href":"https:\/\/blogdoedvaldomagalhaes.com.br\/index.php\/wp-json\/wp\/v2\/users\/1"}],"replies":[{"embeddable":true,"href":"https:\/\/blogdoedvaldomagalhaes.com.br\/index.php\/wp-json\/wp\/v2\/comments?post=4333"}],"version-history":[{"count":1,"href":"https:\/\/blogdoedvaldomagalhaes.com.br\/index.php\/wp-json\/wp\/v2\/posts\/4333\/revisions"}],"predecessor-version":[{"id":25199,"href":"https:\/\/blogdoedvaldomagalhaes.com.br\/index.php\/wp-json\/wp\/v2\/posts\/4333\/revisions\/25199"}],"wp:attachment":[{"href":"https:\/\/blogdoedvaldomagalhaes.com.br\/index.php\/wp-json\/wp\/v2\/media?parent=4333"}],"wp:term":[{"taxonomy":"category","embeddable":true,"href":"https:\/\/blogdoedvaldomagalhaes.com.br\/index.php\/wp-json\/wp\/v2\/categories?post=4333"},{"taxonomy":"post_tag","embeddable":true,"href":"https:\/\/blogdoedvaldomagalhaes.com.br\/index.php\/wp-json\/wp\/v2\/tags?post=4333"}],"curies":[{"name":"wp","href":"https:\/\/api.w.org\/{rel}","templated":true}]}}