{"id":4332,"date":"2017-10-18T00:00:00","date_gmt":"2017-10-18T02:00:00","guid":{"rendered":"http:\/\/blogdoedvaldomagalhaes.com.br\/index.php\/2017\/10\/18\/ato-pela-vida-das-mulheres-sera\/"},"modified":"2019-02-09T01:48:18","modified_gmt":"2019-02-09T03:48:18","slug":"ato-pela-vida-das-mulheres-sera","status":"publish","type":"post","link":"https:\/\/blogdoedvaldomagalhaes.com.br\/index.php\/2017\/10\/18\/ato-pela-vida-das-mulheres-sera\/","title":{"rendered":"Ato &#8220;Pela Vida das Mulheres&#8221; ser\u00e1 realizado em Caruaru nesta quarta (18)"},"content":{"rendered":"<div class=\"separator\" style=\"clear: both; text-align: center;\">\n<a href=\"https:\/\/2.bp.blogspot.com\/--mey8D1SohE\/WeaZpSlyuBI\/AAAAAAAAhk8\/slQphNUg4WsAyYWokAf7QxdczQqFNFXvwCLcBGAs\/s1600\/basta.jpg\" imageanchor=\"1\" style=\"margin-left: 1em; margin-right: 1em;\"><img loading=\"lazy\" decoding=\"async\" border=\"0\" data-original-height=\"722\" data-original-width=\"1282\" height=\"225\" src=\"http:\/\/blogdoedvaldomagalhaes.com.br\/wp-content\/uploads\/2017\/10\/basta.jpg\" width=\"400\" \/><\/a><\/div>\n<div class=\"separator\" style=\"clear: both; text-align: center;\">\n<\/div>\n<div style=\"text-align: justify;\">\n<b>Do Movimento de Mulheres Olga Ben\u00e1rio<\/b><\/p>\n<\/div>\n<div style=\"text-align: justify;\">\nPELA A VIDA DAS MULHERES. Caruaru \u00e9 hoje uma cidade aonde as mulheres sobrevivem. Ir trabalhar, estudar, pegar um transporte p\u00fablico ou pr\u00f3prio, se locomover a p\u00e9 s\u00e3o atividades simples, mas perigosas para as mulheres, al\u00e9m do perigo real de serem assaltadas, ser estuprada, abusada, ser violentada fora e dentro de casa, de ser morta s\u00e3o todos medos que perseguem e aterrorizam as mulheres. A garantia de seguran\u00e7a e de prote\u00e7\u00e3o e enfrentamento \u00e0 todas as formas de viol\u00eancia contra as mulheres s\u00e3o essenciais para que sejamos livres em Direitos e cidadania, por isso nos organizamos para reivindicar das diferentes autoridades um compromisso real e efetivo com a vida das mulheres.&nbsp;<\/div>\n<div style=\"text-align: justify;\">\n<\/div>\n<div style=\"text-align: justify;\">\nConvidamos todas a dividirem vozes conosco no ato que acontece nesta quarta-feira (18) \u00e0s 15h no Marco Zero. Nunca estaremos livres, enquanto algumas de n\u00f3s estiverem vivendo qualquer tipo de viol\u00eancia, vamos agir juntas! Diga n\u00e3o a viol\u00eancia contra a mulher. Ato &#8220;PELA A VIDA DAS MULHERES&#8221;.<\/div>\n","protected":false},"excerpt":{"rendered":"<p>Do Movimento de Mulheres Olga Ben\u00e1rio PELA A VIDA DAS MULHERES. Caruaru \u00e9 hoje uma cidade aonde as mulheres sobrevivem.&hellip;<\/p>\n","protected":false},"author":1,"featured_media":0,"comment_status":"open","ping_status":"open","sticky":false,"template":"","format":"standard","meta":{"footnotes":""},"categories":[1],"tags":[5375,2,3539,6],"class_list":["post-4332","post","type-post","status-publish","format-standard","hentry","category-sem-categoria","tag-ato-pela-vida-das-mulheres-sera-realizado-em-caruaru-nesta-quarta-18","tag-blog-do-edvaldo-magalhaes","tag-marco-zero","tag-noticias"],"_links":{"self":[{"href":"https:\/\/blogdoedvaldomagalhaes.com.br\/index.php\/wp-json\/wp\/v2\/posts\/4332","targetHints":{"allow":["GET"]}}],"collection":[{"href":"https:\/\/blogdoedvaldomagalhaes.com.br\/index.php\/wp-json\/wp\/v2\/posts"}],"about":[{"href":"https:\/\/blogdoedvaldomagalhaes.com.br\/index.php\/wp-json\/wp\/v2\/types\/post"}],"author":[{"embeddable":true,"href":"https:\/\/blogdoedvaldomagalhaes.com.br\/index.php\/wp-json\/wp\/v2\/users\/1"}],"replies":[{"embeddable":true,"href":"https:\/\/blogdoedvaldomagalhaes.com.br\/index.php\/wp-json\/wp\/v2\/comments?post=4332"}],"version-history":[{"count":1,"href":"https:\/\/blogdoedvaldomagalhaes.com.br\/index.php\/wp-json\/wp\/v2\/posts\/4332\/revisions"}],"predecessor-version":[{"id":25201,"href":"https:\/\/blogdoedvaldomagalhaes.com.br\/index.php\/wp-json\/wp\/v2\/posts\/4332\/revisions\/25201"}],"wp:attachment":[{"href":"https:\/\/blogdoedvaldomagalhaes.com.br\/index.php\/wp-json\/wp\/v2\/media?parent=4332"}],"wp:term":[{"taxonomy":"category","embeddable":true,"href":"https:\/\/blogdoedvaldomagalhaes.com.br\/index.php\/wp-json\/wp\/v2\/categories?post=4332"},{"taxonomy":"post_tag","embeddable":true,"href":"https:\/\/blogdoedvaldomagalhaes.com.br\/index.php\/wp-json\/wp\/v2\/tags?post=4332"}],"curies":[{"name":"wp","href":"https:\/\/api.w.org\/{rel}","templated":true}]}}