{"id":43,"date":"2019-02-05T15:48:00","date_gmt":"2019-02-05T17:48:00","guid":{"rendered":"http:\/\/blogdoedvaldomagalhaes.com.br\/index.php\/2019\/02\/05\/exposicao-de-artesanato-da-funase\/"},"modified":"2019-02-09T02:51:50","modified_gmt":"2019-02-09T04:51:50","slug":"exposicao-de-artesanato-da-funase","status":"publish","type":"post","link":"https:\/\/blogdoedvaldomagalhaes.com.br\/index.php\/2019\/02\/05\/exposicao-de-artesanato-da-funase\/","title":{"rendered":"Exposi\u00e7\u00e3o de artesanato da Funase Caruaru ganha nova temporada em shopping"},"content":{"rendered":"<div class=\"separator\" style=\"clear: both; text-align: center;\">\n<a href=\"https:\/\/4.bp.blogspot.com\/-hFV5MUV6nj8\/XFmwCIYPeQI\/AAAAAAABCBA\/bBWwt2BvnHox1v78m_y-eUl_AJYSZQgfgCLcBGAs\/s1600\/els2.jpg\" imageanchor=\"1\" style=\"margin-left: 1em; margin-right: 1em;\"><img loading=\"lazy\" decoding=\"async\" border=\"0\" data-original-height=\"437\" data-original-width=\"722\" height=\"386\" src=\"http:\/\/blogdoedvaldomagalhaes.com.br\/wp-content\/uploads\/2019\/02\/els2.jpg\" width=\"640\" \/><\/a><\/div>\n<div class=\"separator\" style=\"clear: both; text-align: center;\">\nFotos:Divulga\u00e7\u00e3o\/Funase<\/div>\n<div class=\"MsoNormal\" style=\"background-color: white; line-height: normal; margin: 0cm 0cm 0.0001pt; text-align: justify;\">\n<\/div>\n<div class=\"MsoNormal\" style=\"background-color: white; line-height: normal; margin: 0cm 0cm 0.0001pt; text-align: justify;\">\nA partir desta ter\u00e7a-feira (5), pe\u00e7as de artesanato produzidas por socioeducandos da Casa de Semiliberdade (Casem) Caruaru, uma das unidades da Funda\u00e7\u00e3o de Atendimento Socioeducativo (Funase), ter\u00e3o mais uma temporada de exposi\u00e7\u00e3o na Feira Livre Cultural do Caruaru Shopping. Pufes com materiais recicl\u00e1veis, mesas e itens decorativos s\u00e3o alguns objetos dispon\u00edveis para venda. A mostra, que seguir\u00e1 at\u00e9 o pr\u00f3ximo dia 17, \u00e9 uma parceria entre a unidade da Funase e a dire\u00e7\u00e3o<b>&nbsp;<\/b>do centro de compras.<\/div>\n<div class=\"MsoNormal\" style=\"background-color: white; line-height: normal; margin: 0cm 0cm 0.0001pt; text-align: justify;\">\n<\/div>\n<div class=\"MsoNormal\" style=\"background-color: white; line-height: normal; margin: 0cm 0cm 0.0001pt; text-align: justify;\">\nO espa\u00e7o ficar\u00e1 \u00e0 disposi\u00e7\u00e3o do p\u00fablico das 10h \u00e0s 22h. Os pre\u00e7os das pe\u00e7as variam de R$ 2 a R$ 250. Para confeccion\u00e1-las, foram usados materiais que seriam descartados na natureza, o que fez com que, al\u00e9m de trabalhar t\u00e9cnicas de artesanato, os socioeducandos colaborassem com a preserva\u00e7\u00e3o do meio ambiente. Os produtos foram fabricados durante oficinas de arte realizadas na Casem Caruaru. Em dezembro, a Funase j\u00e1 havia realizado outra exposi\u00e7\u00e3o no mesmo shopping, com foco em artigos natalinos. Em janeiro, teve in\u00edcio esse novo formato de mostra, que acontecer\u00e1 na primeira semana de cada m\u00eas, at\u00e9 junho.<\/div>\n<div class=\"MsoNormal\" style=\"background-color: white; line-height: normal; margin: 0cm 0cm 0.0001pt; text-align: justify;\">\n<\/div>\n<div class=\"separator\" style=\"clear: both; text-align: center;\">\n<a href=\"https:\/\/3.bp.blogspot.com\/-uhaS2CdGx8k\/XFmwLcuC9cI\/AAAAAAABCBE\/0Vfn0INPy-Qh7sq5h9zUJuJN-5pCGSfzACLcBGAs\/s1600\/els%2B1.jpeg\" imageanchor=\"1\" style=\"margin-left: 1em; margin-right: 1em;\"><img loading=\"lazy\" decoding=\"async\" border=\"0\" data-original-height=\"826\" data-original-width=\"807\" height=\"640\" src=\"http:\/\/blogdoedvaldomagalhaes.com.br\/wp-content\/uploads\/2019\/02\/els1.jpeg\" width=\"624\" \/><\/a><\/div>\n<p><\/p>\n<div class=\"MsoNormal\" style=\"background-color: white; line-height: normal; margin: 0cm 0cm 0.0001pt; text-align: justify;\">\n<\/div>\n<div class=\"MsoNormal\" style=\"background-color: white; line-height: normal; margin: 0cm 0cm 0.0001pt; text-align: justify;\">\nLigada \u00e0 Secretaria de Desenvolvimento Social, Crian\u00e7a e Juventude de Pernambuco (SDSCJ), a Funase vem apostando na realiza\u00e7\u00e3o de atividades art\u00edsticas e l\u00fadicas como ferramenta para a socioeduca\u00e7\u00e3o. \u201cAtividades com esse vi\u00e9s t\u00eam um potencial muito significativo para a reinser\u00e7\u00e3o social desses adolescentes, al\u00e9m de contribu\u00edrem para uma cultura de paz nos ambientes onde eles cumprem a medida socioeducativa\u201d, avalia o secret\u00e1rio de Desenvolvimento Social, Crian\u00e7a e Juventude, Sileno Guedes.<\/div>\n<div class=\"MsoNormal\" style=\"background-color: white; line-height: normal; margin: 0cm 0cm 0.0001pt; text-align: justify;\">\n<\/div>\n<div class=\"MsoNormal\" style=\"background-color: white; line-height: normal; margin: 0cm 0cm 0.0001pt; text-align: justify;\">\nPara a coordenadora geral da Casem Caruaru, Anabel Brand\u00e3o, o acontecimento da exposi\u00e7\u00e3o consolida a voca\u00e7\u00e3o da unidade da Funase para a pr\u00e1tica de oficinas criativas. \u201cTemos fortalecido e dado prioridade a aspectos que levem o jovem que cumpre medida socioeducativa a ter toda possibilidade de sair da Funase com uma carga de conhecimento positiva e, inclusive, ter condi\u00e7\u00f5es de se inserir no mercado de trabalho. As t\u00e9cnicas ensinadas nas oficinas servem n\u00e3o apenas para a cria\u00e7\u00e3o dos produtos que est\u00e3o sendo expostos, mas tamb\u00e9m para ajudar os socioeducandos no aprendizado de algo que permita a gera\u00e7\u00e3o de renda\u201d, destaca.<\/div>\n","protected":false},"excerpt":{"rendered":"<p>Fotos:Divulga\u00e7\u00e3o\/Funase A partir desta ter\u00e7a-feira (5), pe\u00e7as de artesanato produzidas por socioeducandos da Casa de Semiliberdade (Casem) Caruaru, uma das&hellip;<\/p>\n","protected":false},"author":1,"featured_media":0,"comment_status":"open","ping_status":"open","sticky":false,"template":"","format":"standard","meta":{"footnotes":""},"categories":[1],"tags":[2,50,6],"class_list":["post-43","post","type-post","status-publish","format-standard","hentry","category-sem-categoria","tag-blog-do-edvaldo-magalhaes","tag-exposicao-de-artesanato-da-funase-caruaru-ganha-nova-temporada-em-shopping","tag-noticias"],"_links":{"self":[{"href":"https:\/\/blogdoedvaldomagalhaes.com.br\/index.php\/wp-json\/wp\/v2\/posts\/43","targetHints":{"allow":["GET"]}}],"collection":[{"href":"https:\/\/blogdoedvaldomagalhaes.com.br\/index.php\/wp-json\/wp\/v2\/posts"}],"about":[{"href":"https:\/\/blogdoedvaldomagalhaes.com.br\/index.php\/wp-json\/wp\/v2\/types\/post"}],"author":[{"embeddable":true,"href":"https:\/\/blogdoedvaldomagalhaes.com.br\/index.php\/wp-json\/wp\/v2\/users\/1"}],"replies":[{"embeddable":true,"href":"https:\/\/blogdoedvaldomagalhaes.com.br\/index.php\/wp-json\/wp\/v2\/comments?post=43"}],"version-history":[{"count":1,"href":"https:\/\/blogdoedvaldomagalhaes.com.br\/index.php\/wp-json\/wp\/v2\/posts\/43\/revisions"}],"predecessor-version":[{"id":37966,"href":"https:\/\/blogdoedvaldomagalhaes.com.br\/index.php\/wp-json\/wp\/v2\/posts\/43\/revisions\/37966"}],"wp:attachment":[{"href":"https:\/\/blogdoedvaldomagalhaes.com.br\/index.php\/wp-json\/wp\/v2\/media?parent=43"}],"wp:term":[{"taxonomy":"category","embeddable":true,"href":"https:\/\/blogdoedvaldomagalhaes.com.br\/index.php\/wp-json\/wp\/v2\/categories?post=43"},{"taxonomy":"post_tag","embeddable":true,"href":"https:\/\/blogdoedvaldomagalhaes.com.br\/index.php\/wp-json\/wp\/v2\/tags?post=43"}],"curies":[{"name":"wp","href":"https:\/\/api.w.org\/{rel}","templated":true}]}}