{"id":4287,"date":"2017-10-22T22:44:00","date_gmt":"2017-10-23T00:44:00","guid":{"rendered":"http:\/\/blogdoedvaldomagalhaes.com.br\/index.php\/2017\/10\/22\/camara-de-caruaru-presta-homenage\/"},"modified":"2019-02-09T01:49:03","modified_gmt":"2019-02-09T03:49:03","slug":"camara-de-caruaru-presta-homenage","status":"publish","type":"post","link":"https:\/\/blogdoedvaldomagalhaes.com.br\/index.php\/2017\/10\/22\/camara-de-caruaru-presta-homenage\/","title":{"rendered":"C\u00e2mara de Caruaru presta homenagem a centen\u00e1rio de Jos\u00e9 Cond\u00e9"},"content":{"rendered":"<p><\/p>\n<div class=\"separator\" style=\"clear: both; text-align: center;\">\n<a href=\"https:\/\/2.bp.blogspot.com\/-ww4Dr86G0g4\/We0eu25tWpI\/AAAAAAAAiG0\/v6Im1U_ux9wr5IXoj5MMUutJewsLaOTHwCLcBGAs\/s1600\/ca%252Cara.jpg\" imageanchor=\"1\" style=\"margin-left: 1em; margin-right: 1em;\"><img loading=\"lazy\" decoding=\"async\" border=\"0\" data-original-height=\"721\" data-original-width=\"1024\" height=\"281\" src=\"http:\/\/blogdoedvaldomagalhaes.com.br\/wp-content\/uploads\/2017\/10\/ca2Cara.jpg\" width=\"400\" \/><\/a><\/div>\n<div class=\"separator\" style=\"clear: both; text-align: center;\">\nFoto: Vladimir Barreto Rodrigues<\/div>\n<div style=\"text-align: justify;\">\n<\/div>\n<div style=\"text-align: justify;\">\nUma noite marcada pela emo\u00e7\u00e3o, pelas lembran\u00e7as e pelo amor. A filha e os netos do caruaruense Jos\u00e9 Cond\u00e9 foram os grandes homenageados pelo centen\u00e1rio do escritor atrav\u00e9s da C\u00e2mara de Vereadores de Caruaru. O vereador Marcelo Gomes (PSB) concedeu, nessa sexta-feira (20), o t\u00edtulo de cidad\u00e3 caruaruense a Vera Cond\u00e9, filha do escritor, que nasceu e vive no Rio de Janeiro, al\u00e9m da Medalha de Honra ao M\u00e9rito Jos\u00e9 Cond\u00e9 pelo reconhecimento pelos servi\u00e7os prestados \u00e0 cultura da nossa cidade. &#8220;Vera tem sido porto seguro a quem quer chegar \u00e0 obra de Cond\u00e9&#8221;, afirmou Marcelo em seu discurso.<\/div>\n<div style=\"text-align: justify;\">\n<\/div>\n<p><\/p>\n<div style=\"text-align: justify;\">\nOs netos Bruno e Roberta falaram do amor do av\u00f4 pela cidade eternizado nos livros do autor. &#8220;Ele escrevia com tanta devo\u00e7\u00e3o para Caruaru que, muito antes de conhecermos a cidade, j\u00e1 \u00e9ramos apaixonados por ela&#8221;, disse Bruno.<\/div>\n<div style=\"text-align: justify;\">\n<\/div>\n<div style=\"text-align: justify;\">\nEm seu discurso, Vera Cond\u00e9 confessou que sempre se sentiu caruaruense e que sonhava com o dia de ser cidad\u00e3 de fato e de direito. &#8220;Abri uma champagne quando soube da homenagem. Agora, sou conterr\u00e2nea de todos voc\u00eas&#8221;, revelou.<\/div>\n<div style=\"text-align: justify;\">\n<\/div>\n<div style=\"text-align: justify;\">\nO presidente da C\u00e2mara, Lula Torres (PDT), conduziu a solenidade, prestigiada pela deputada estadual Laura Gomes (PSB), por Jos\u00e9 Pereira, representante da prefeita Raquel Lyra (PSDB), pelo cantor e compositor Onildo Almeida, pelo ex-prefeito Anast\u00e1cio Rodrigues e pelo presidente do Instituto Hist\u00f3rico de Caruaru, Walmir\u00e9 Dimeron, que foi o elo de liga\u00e7\u00e3o entre a C\u00e2mara Municipal e a fam\u00edlia Cond\u00e9.<\/div>\n","protected":false},"excerpt":{"rendered":"<p>Foto: Vladimir Barreto Rodrigues Uma noite marcada pela emo\u00e7\u00e3o, pelas lembran\u00e7as e pelo amor. A filha e os netos do&hellip;<\/p>\n","protected":false},"author":1,"featured_media":0,"comment_status":"open","ping_status":"open","sticky":false,"template":"","format":"standard","meta":{"footnotes":""},"categories":[1],"tags":[2,5309,379,20],"class_list":["post-4287","post","type-post","status-publish","format-standard","hentry","category-sem-categoria","tag-blog-do-edvaldo-magalhaes","tag-camara-de-caruaru-presta-homenagem-a-centenario-de-jose-conde","tag-marcelo-gomes","tag-politica"],"_links":{"self":[{"href":"https:\/\/blogdoedvaldomagalhaes.com.br\/index.php\/wp-json\/wp\/v2\/posts\/4287","targetHints":{"allow":["GET"]}}],"collection":[{"href":"https:\/\/blogdoedvaldomagalhaes.com.br\/index.php\/wp-json\/wp\/v2\/posts"}],"about":[{"href":"https:\/\/blogdoedvaldomagalhaes.com.br\/index.php\/wp-json\/wp\/v2\/types\/post"}],"author":[{"embeddable":true,"href":"https:\/\/blogdoedvaldomagalhaes.com.br\/index.php\/wp-json\/wp\/v2\/users\/1"}],"replies":[{"embeddable":true,"href":"https:\/\/blogdoedvaldomagalhaes.com.br\/index.php\/wp-json\/wp\/v2\/comments?post=4287"}],"version-history":[{"count":1,"href":"https:\/\/blogdoedvaldomagalhaes.com.br\/index.php\/wp-json\/wp\/v2\/posts\/4287\/revisions"}],"predecessor-version":[{"id":25376,"href":"https:\/\/blogdoedvaldomagalhaes.com.br\/index.php\/wp-json\/wp\/v2\/posts\/4287\/revisions\/25376"}],"wp:attachment":[{"href":"https:\/\/blogdoedvaldomagalhaes.com.br\/index.php\/wp-json\/wp\/v2\/media?parent=4287"}],"wp:term":[{"taxonomy":"category","embeddable":true,"href":"https:\/\/blogdoedvaldomagalhaes.com.br\/index.php\/wp-json\/wp\/v2\/categories?post=4287"},{"taxonomy":"post_tag","embeddable":true,"href":"https:\/\/blogdoedvaldomagalhaes.com.br\/index.php\/wp-json\/wp\/v2\/tags?post=4287"}],"curies":[{"name":"wp","href":"https:\/\/api.w.org\/{rel}","templated":true}]}}