{"id":4286,"date":"2017-10-22T22:55:00","date_gmt":"2017-10-23T00:55:00","guid":{"rendered":"http:\/\/blogdoedvaldomagalhaes.com.br\/index.php\/2017\/10\/22\/rivaldo-soares-analisa-gestao-raque\/"},"modified":"2019-02-09T01:49:04","modified_gmt":"2019-02-09T03:49:04","slug":"rivaldo-soares-analisa-gestao-raque","status":"publish","type":"post","link":"https:\/\/blogdoedvaldomagalhaes.com.br\/index.php\/2017\/10\/22\/rivaldo-soares-analisa-gestao-raque\/","title":{"rendered":"Rivaldo Soares analisa gest\u00e3o Raquel Lyra"},"content":{"rendered":"<div class=\"separator\" style=\"clear: both; text-align: center;\">\n<a href=\"https:\/\/4.bp.blogspot.com\/-Vfr0FaK8yaY\/We0hJ-Z9WpI\/AAAAAAAAiG8\/_o1IdMQheQIm9w6oTlNunSiKIEnFOCMdQCLcBGAs\/s1600\/riva.jpg\" imageanchor=\"1\" style=\"margin-left: 1em; margin-right: 1em;\"><img loading=\"lazy\" decoding=\"async\" border=\"0\" data-original-height=\"238\" data-original-width=\"239\" height=\"396\" src=\"http:\/\/blogdoedvaldomagalhaes.com.br\/wp-content\/uploads\/2017\/10\/riva.jpg\" width=\"400\" \/><\/a><\/div>\n<div style=\"text-align: justify;\">\n<\/div>\n<div style=\"text-align: justify;\">\nComo cidad\u00e3o a gente enxerga melhor.<\/div>\n<div style=\"text-align: justify;\">\nComo j\u00e1 \u00e9 do conhecimento p\u00fablico, resolvi deixar a pol\u00edtica eleitoral e partid\u00e1ria. N\u00e3o \u00e9 minha pretens\u00e3o&nbsp;disputar mais elei\u00e7\u00f5es. Mas isso n\u00e3o impedir\u00e1 que eu possa opinar em quest\u00f5es que dizem respeito \u00e0 vida em&nbsp;minha cidade, em meu estado e em meu pa\u00eds.<\/div>\n<div style=\"text-align: justify;\">\nPosto isso, quero opinar sobre o que vem ocorrendo em Caruaru. Estou vendo, de fora, que velhos inimigos&nbsp;pol\u00edticos se uniram para fazer oposi\u00e7\u00e3o \u00e0 prefeita que ascendeu ao poder, em Caruaru. Todos est\u00e3o juntos&nbsp;para destruir a possibilidade de uma mulher administrar uma cidade do tamanho de Caruaru. E o povo, levado&nbsp;pela contra-propaganda da oposi\u00e7\u00e3o, muitas vezes embarca nessa onda anti-Raquel.<\/div>\n<div style=\"text-align: justify;\">\nMas vejamos alguns pontos que consegui identificar como positivos, mesmo sem estar ligado \u00e0 cena pol\u00edtica&nbsp;no munic\u00edpio:<\/div>\n<div style=\"text-align: justify;\">\nA muri\u00e7oca, que no governo anterior era uma praga constante, pelo menos no meu bairro, o Indian\u00f3polis, foi&nbsp;extirpada pela atual administra\u00e7\u00e3o. O rio Ipojuca est\u00e1 tendo suas margens limpas, evitando os focos do&nbsp;mosquito. Pouco tem se falado em dengue.<\/div>\n<div style=\"text-align: justify;\">\nAs avenidas est\u00e3o sendo capinadas e a limpeza p\u00fablica melhorou substancialmente, tendo alguns problemas&nbsp;de entulhos na periferia, que v\u00eam de tempos passados, mas que podem ser resolvidos com mais const\u00e2ncia na&nbsp;coleta e orienta\u00e7\u00e3o aos que colocam lixo nas ruas.<\/div>\n<div style=\"text-align: justify;\">\nO primeiro grande evento, o S\u00e3o Jo\u00e3o, foi realizado a contento, com problemas ainda persistindo no&nbsp;pagamento de alguns artistas da terra, o que n\u00e3o deveria ocorrer. Isso ainda \u00e9 uma heran\u00e7a do passado que&nbsp;deve ser extirpada. Outro ponto positivo da atual gest\u00e3o foi a derrubada daquela cidade de papel\u00e3o que&nbsp;existia pr\u00f3ximo \u00e0 Esta\u00e7\u00e3o, que servia como ponto para assaltos, drogas estupros. Creio que um belo jardim&nbsp;deve ser feito no local, mudando o aspecto degradante daquela importante \u00e1rea central de Caruaru.<\/div>\n<div style=\"text-align: justify;\">\nAlgumas creches j\u00e1 surgem, na pr\u00e1tica, usando o modelo de Petrolina. Aluguel de algumas casas de classe&nbsp;m\u00e9dia, para dar aos filhos dos mais pobres o direito \u00e0 primeira educa\u00e7\u00e3o, sem precisar esperar pelas&nbsp;demoradas constru\u00e7\u00f5es, que se arrastam por toda uma gest\u00e3o, como ocorreu no governo anterior.<\/div>\n<div style=\"text-align: justify;\">\nH\u00e1 uma expectativa de reforma no Parque 18 de Maio, com o an\u00fancio de investimentos na ordem dos R$ 9&nbsp;milh\u00f5es, dando esperan\u00e7a de a Feira da Sulanca receber melhorias e voltar a ser a principal feira do Polo de&nbsp;Confec\u00e7\u00f5es do Agreste. Ali\u00e1s, o prefeito anterior prometeu organizar a feira e o que fez foi agravar a&nbsp;desorganiza\u00e7\u00e3o e botar a Destra para multar os ve\u00edculos dos compradores, espantando-os para outros polos&nbsp;de compras. N\u00e3o nos custa lembrar que o ex-prefeito mais elogiava Santa Cruz do Capibaribe do que a nossa&nbsp;Caruaru. Foi um garoto-propaganda da feira de l\u00e1. Pelo menos, agora, temos esperan\u00e7a de melhorias na feira.<\/div>\n<div style=\"text-align: justify;\">\nH\u00e1 ainda muita defici\u00eancia na ilumina\u00e7\u00e3o p\u00fablica, mas devemos nos lembrar que a administra\u00e7\u00e3o anterior&nbsp;demorou a assumir a obriga\u00e7\u00e3o de administrar esse setor, deixando diversos bairros sem a devida assist\u00eancia,&nbsp;o que espero seja superado pela atual gest\u00e3o. N\u00e3o concordo com as entradas de Caruaru com as luzes das BRs&nbsp;232 e 104 apagadas. \u00c9 um absurdo que a atual gest\u00e3o n\u00e3o pode continuar. Tem que resolver urgentemente e&nbsp;antes do final do ano, \u00e9poca de recebermos milhares de pessoas que v\u00eam \u00e0s compras.<\/div>\n<div style=\"text-align: justify;\">\nDe modo geral, n\u00e3o ouvimos muitas reclama\u00e7\u00f5es na Sa\u00fade p\u00fablica como ouvimos na primeira gest\u00e3o do&nbsp;prefeito anterior, quando os m\u00e9dicos fizeram uma greve geral que durou os primeiros seis meses da gest\u00e3o e foi um gargalo para o ex-preito, s\u00f3 apaziguado no final do segundo governo. Podemos dizer que na Sa\u00fade o atual governo vive em paz.<\/div>\n<div style=\"text-align: justify;\">\nA popula\u00e7\u00e3o deve ficar atenta aos opositores de plant\u00e3o. Eles n\u00e3o querem o bem da comunidade, n\u00e3o defendem os interesses do povo pois, quando governaram, tiveram a oportunidade de mudar a situa\u00e7\u00e3o&nbsp;lastim\u00e1vel de alguns setores, e n\u00e3o o fizeram. O interesse deles \u00e9 retomar o poder maior.<\/div>\n<div style=\"text-align: justify;\">\nVamos dar uma oportunidade n\u00e3o a Raquel, mas a Caruaru, de ter um governo que tenha tempo para planejar&nbsp;e realizar uma grande obra administrativa em nossa cidade. \u00c9 o que espero e acredito. Equipe ela tem, para&nbsp;isso. O tempo dir\u00e1.<\/div>\n<div style=\"text-align: justify;\">\nCaruaru, 22 de outubro de 2017.<\/div>\n<div style=\"text-align: justify;\">\nRivaldo Soares<\/div>\n","protected":false},"excerpt":{"rendered":"<p>Como cidad\u00e3o a gente enxerga melhor. Como j\u00e1 \u00e9 do conhecimento p\u00fablico, resolvi deixar a pol\u00edtica eleitoral e partid\u00e1ria. N\u00e3o&hellip;<\/p>\n","protected":false},"author":1,"featured_media":0,"comment_status":"open","ping_status":"open","sticky":false,"template":"","format":"standard","meta":{"footnotes":""},"categories":[1],"tags":[2,20,5308],"class_list":["post-4286","post","type-post","status-publish","format-standard","hentry","category-sem-categoria","tag-blog-do-edvaldo-magalhaes","tag-politica","tag-rivaldo-soares-analisa-gestao-raquel-lyra"],"_links":{"self":[{"href":"https:\/\/blogdoedvaldomagalhaes.com.br\/index.php\/wp-json\/wp\/v2\/posts\/4286","targetHints":{"allow":["GET"]}}],"collection":[{"href":"https:\/\/blogdoedvaldomagalhaes.com.br\/index.php\/wp-json\/wp\/v2\/posts"}],"about":[{"href":"https:\/\/blogdoedvaldomagalhaes.com.br\/index.php\/wp-json\/wp\/v2\/types\/post"}],"author":[{"embeddable":true,"href":"https:\/\/blogdoedvaldomagalhaes.com.br\/index.php\/wp-json\/wp\/v2\/users\/1"}],"replies":[{"embeddable":true,"href":"https:\/\/blogdoedvaldomagalhaes.com.br\/index.php\/wp-json\/wp\/v2\/comments?post=4286"}],"version-history":[{"count":1,"href":"https:\/\/blogdoedvaldomagalhaes.com.br\/index.php\/wp-json\/wp\/v2\/posts\/4286\/revisions"}],"predecessor-version":[{"id":25378,"href":"https:\/\/blogdoedvaldomagalhaes.com.br\/index.php\/wp-json\/wp\/v2\/posts\/4286\/revisions\/25378"}],"wp:attachment":[{"href":"https:\/\/blogdoedvaldomagalhaes.com.br\/index.php\/wp-json\/wp\/v2\/media?parent=4286"}],"wp:term":[{"taxonomy":"category","embeddable":true,"href":"https:\/\/blogdoedvaldomagalhaes.com.br\/index.php\/wp-json\/wp\/v2\/categories?post=4286"},{"taxonomy":"post_tag","embeddable":true,"href":"https:\/\/blogdoedvaldomagalhaes.com.br\/index.php\/wp-json\/wp\/v2\/tags?post=4286"}],"curies":[{"name":"wp","href":"https:\/\/api.w.org\/{rel}","templated":true}]}}