{"id":4282,"date":"2017-10-23T11:00:00","date_gmt":"2017-10-23T13:00:00","guid":{"rendered":"http:\/\/blogdoedvaldomagalhaes.com.br\/index.php\/2017\/10\/23\/registrados-51-homicidios-em-pernambuco\/"},"modified":"2019-02-09T01:49:05","modified_gmt":"2019-02-09T03:49:05","slug":"registrados-51-homicidios-em-pernambuco","status":"publish","type":"post","link":"https:\/\/blogdoedvaldomagalhaes.com.br\/index.php\/2017\/10\/23\/registrados-51-homicidios-em-pernambuco\/","title":{"rendered":"Registrados 51 homic\u00eddios em Pernambuco no fim de semana, 26 nas \u00faltimas 24 horas"},"content":{"rendered":"<div class=\"separator\" style=\"clear: both; text-align: center;\">\n<a href=\"https:\/\/3.bp.blogspot.com\/-BQ6cvaYKFIQ\/We3LkrgUdYI\/AAAAAAAAiKI\/yoHHHtJFuYswORd7RpVhPPO9RT6kOdFrQCLcBGAs\/s1600\/pl.jpg\" imageanchor=\"1\" style=\"margin-left: 1em; margin-right: 1em;\"><img loading=\"lazy\" decoding=\"async\" border=\"0\" data-original-height=\"483\" data-original-width=\"750\" height=\"257\" src=\"http:\/\/blogdoedvaldomagalhaes.com.br\/wp-content\/uploads\/2017\/10\/pl.jpg\" width=\"400\" \/><\/a><\/div>\n<div style=\"background-color: white; box-sizing: border-box; line-height: 24px; margin-bottom: 10px; text-align: justify;\">\n<\/div>\n<div style=\"background-color: white; box-sizing: border-box; line-height: 24px; margin-bottom: 10px; text-align: justify;\">\nO Sindicato dos Rodovi\u00e1rios de Pernambuco registrou 25 assaltos a \u00f4nibus no fim de semana na Regi\u00e3o Metropolitana do Recife, sendo 9 nas \u00faltimas 24 horas. No m\u00eas, contabilizados 193 assaltos e no ano 3.179.<\/div>\n<div style=\"background-color: white; box-sizing: border-box; line-height: 24px; margin-bottom: 10px; text-align: justify;\">\nViol\u00eancia. Cinquenta e uma pessoas foram assassinadas em Pernambuco no fim de semana, 26 homic\u00eddios nas \u00faltimas 24 horas. No ano j\u00e1 ocorreram 4.340 assassinatos no Estado, 2.297 no interior e 2.035 no Grande Recife.<\/div>\n<div style=\"background-color: white; box-sizing: border-box; line-height: 24px; margin-bottom: 10px; text-align: justify;\">\nEm Caruaru, duas pessoas foram assassinadas no fim de semana. O primeiro crime foi registrado na noite de sexta-feira (20), em Cachoeira Seca, zona rural do munic\u00edpio.<\/div>\n<div style=\"background-color: white; box-sizing: border-box; line-height: 24px; margin-bottom: 10px; text-align: justify;\">\nJos\u00e9 Luciano da Silva, conhecido por Nego D\u00e9, 21 anos, foi baleado em um bar, socorrido para o Hospital Regional do Agreste (HRA) e transferido para o Hospital da Restaura\u00e7\u00e3o (HR), no Recife, mas n\u00e3o resistiu.<\/div>\n<div style=\"background-color: white; box-sizing: border-box; line-height: 24px; margin-bottom: 10px; text-align: justify;\">\nO segundo homic\u00eddio aconteceu na madrugada de s\u00e1bado (21), na 1\u00aa Travessa Ivan Brasil de Moura, bairro Santa Rosa. Anderson de Melo e Silva, 35 anos, foi atingido com dois tiros.<\/div>\n<div style=\"background-color: white; box-sizing: border-box; line-height: 24px; margin-bottom: 10px; text-align: justify;\">\nCom estes dois assassinatos, sobe para 11 o n\u00famero de homic\u00eddios no m\u00eas de outubro em Caruaru e para 231 neste ano de 2017.<\/div>\n<div style=\"background-color: white; box-sizing: border-box; line-height: 24px; margin-bottom: 10px; text-align: justify;\">\nFonte: R\u00e1dio Liberdade.<\/div>\n","protected":false},"excerpt":{"rendered":"<p>O Sindicato dos Rodovi\u00e1rios de Pernambuco registrou 25 assaltos a \u00f4nibus no fim de semana na Regi\u00e3o Metropolitana do Recife,&hellip;<\/p>\n","protected":false},"author":1,"featured_media":0,"comment_status":"open","ping_status":"open","sticky":false,"template":"","format":"standard","meta":{"footnotes":""},"categories":[1],"tags":[5301,2,13,5302],"class_list":["post-4282","post","type-post","status-publish","format-standard","hentry","category-sem-categoria","tag-26-nas-ultimas-24-horas","tag-blog-do-edvaldo-magalhaes","tag-policial","tag-registrados-51-homicidios-em-pernambuco-no-fim-de-semana"],"_links":{"self":[{"href":"https:\/\/blogdoedvaldomagalhaes.com.br\/index.php\/wp-json\/wp\/v2\/posts\/4282","targetHints":{"allow":["GET"]}}],"collection":[{"href":"https:\/\/blogdoedvaldomagalhaes.com.br\/index.php\/wp-json\/wp\/v2\/posts"}],"about":[{"href":"https:\/\/blogdoedvaldomagalhaes.com.br\/index.php\/wp-json\/wp\/v2\/types\/post"}],"author":[{"embeddable":true,"href":"https:\/\/blogdoedvaldomagalhaes.com.br\/index.php\/wp-json\/wp\/v2\/users\/1"}],"replies":[{"embeddable":true,"href":"https:\/\/blogdoedvaldomagalhaes.com.br\/index.php\/wp-json\/wp\/v2\/comments?post=4282"}],"version-history":[{"count":1,"href":"https:\/\/blogdoedvaldomagalhaes.com.br\/index.php\/wp-json\/wp\/v2\/posts\/4282\/revisions"}],"predecessor-version":[{"id":25387,"href":"https:\/\/blogdoedvaldomagalhaes.com.br\/index.php\/wp-json\/wp\/v2\/posts\/4282\/revisions\/25387"}],"wp:attachment":[{"href":"https:\/\/blogdoedvaldomagalhaes.com.br\/index.php\/wp-json\/wp\/v2\/media?parent=4282"}],"wp:term":[{"taxonomy":"category","embeddable":true,"href":"https:\/\/blogdoedvaldomagalhaes.com.br\/index.php\/wp-json\/wp\/v2\/categories?post=4282"},{"taxonomy":"post_tag","embeddable":true,"href":"https:\/\/blogdoedvaldomagalhaes.com.br\/index.php\/wp-json\/wp\/v2\/tags?post=4282"}],"curies":[{"name":"wp","href":"https:\/\/api.w.org\/{rel}","templated":true}]}}