{"id":4275,"date":"2017-10-23T20:53:00","date_gmt":"2017-10-23T22:53:00","guid":{"rendered":"http:\/\/blogdoedvaldomagalhaes.com.br\/index.php\/2017\/10\/23\/aulao-gratuito-em-caruaru-para-o-ene\/"},"modified":"2019-02-09T01:49:09","modified_gmt":"2019-02-09T03:49:09","slug":"aulao-gratuito-em-caruaru-para-o-ene","status":"publish","type":"post","link":"https:\/\/blogdoedvaldomagalhaes.com.br\/index.php\/2017\/10\/23\/aulao-gratuito-em-caruaru-para-o-ene\/","title":{"rendered":"Aul\u00e3o gratuito em Caruaru para o Enem"},"content":{"rendered":"<div class=\"separator\" style=\"clear: both; text-align: center;\">\n<a href=\"https:\/\/3.bp.blogspot.com\/-k60OuUYLelg\/We5WF8GnpLI\/AAAAAAAAiMQ\/nb1OmlZDBGMmwhg5TPDta2UOPZWg-Q0wQCLcBGAs\/s1600\/enem.jpg\" imageanchor=\"1\" style=\"margin-left: 1em; margin-right: 1em;\"><img loading=\"lazy\" decoding=\"async\" border=\"0\" data-original-height=\"340\" data-original-width=\"650\" height=\"206\" src=\"http:\/\/blogdoedvaldomagalhaes.com.br\/wp-content\/uploads\/2017\/10\/enem.jpg\" width=\"400\" \/><\/a><\/div>\n<div style=\"text-align: justify;\">\n<\/div>\n<div style=\"text-align: justify;\">\nA contagem regressiva para o Exame Nacional do Ensino M\u00e9dio (Enem) 2017 j\u00e1 come\u00e7ou. \u00c9 a\u00ed que os estudantes fazem as \u00faltimas revis\u00f5es dos conte\u00fados vistos durante todo o ano. Pensando nisso, o Grupo G\u00eanese de Ensino (GGE) vai promover um aul\u00e3o em que ser\u00e3o trabalhadas as quatro \u00e1reas de conhecimento exigidas no Exame. O encontro ser\u00e1 aberto ao p\u00fablico, no dia dois de novembro, a partir das 14h, no Polo Caruaru, localizado \u00e0s margens da BR-104, em Caruaru. A entrada ser\u00e1 dois quilos de alimentos n\u00e3o perec\u00edveis para serem doados a uma institui\u00e7\u00e3o de caridade da Cidade. Ser\u00e1 uma din\u00e2mica viva e participativa entre alunos e professores que ter\u00e3o a oportunidade de rever conte\u00fados e apontar as principais d\u00favidas.<\/div>\n<div style=\"text-align: justify;\">\n<\/div>\n<div style=\"text-align: justify;\">\nAl\u00e9m disso, sorteios de brindes, apresenta\u00e7\u00f5es de Dj e brincadeiras para que os estudantes possam desopilar e seguir ainda mais confiantes para enfrentar o desafio.&nbsp;Portanto, esta ser\u00e1 uma excelente&nbsp; oportunidade de aprender com uma equipe de refer\u00eancia quando o assunto \u00e9 vestibular\/Enem. As inscri\u00e7\u00f5es para o aul\u00e3o GGE em Caruaru podem ser feitas pelo site: http:\/\/gge.com.br\/aulaoenemgge\/<\/div>\n","protected":false},"excerpt":{"rendered":"<p>A contagem regressiva para o Exame Nacional do Ensino M\u00e9dio (Enem) 2017 j\u00e1 come\u00e7ou. \u00c9 a\u00ed que os estudantes fazem&hellip;<\/p>\n","protected":false},"author":1,"featured_media":0,"comment_status":"open","ping_status":"open","sticky":false,"template":"","format":"standard","meta":{"footnotes":""},"categories":[1],"tags":[5287,2,5288,6],"class_list":["post-4275","post","type-post","status-publish","format-standard","hentry","category-sem-categoria","tag-aulao-gratuito-em-caruaru-para-o-enem","tag-blog-do-edvaldo-magalhaes","tag-grupo-genese-de-ensino-gge","tag-noticias"],"_links":{"self":[{"href":"https:\/\/blogdoedvaldomagalhaes.com.br\/index.php\/wp-json\/wp\/v2\/posts\/4275","targetHints":{"allow":["GET"]}}],"collection":[{"href":"https:\/\/blogdoedvaldomagalhaes.com.br\/index.php\/wp-json\/wp\/v2\/posts"}],"about":[{"href":"https:\/\/blogdoedvaldomagalhaes.com.br\/index.php\/wp-json\/wp\/v2\/types\/post"}],"author":[{"embeddable":true,"href":"https:\/\/blogdoedvaldomagalhaes.com.br\/index.php\/wp-json\/wp\/v2\/users\/1"}],"replies":[{"embeddable":true,"href":"https:\/\/blogdoedvaldomagalhaes.com.br\/index.php\/wp-json\/wp\/v2\/comments?post=4275"}],"version-history":[{"count":1,"href":"https:\/\/blogdoedvaldomagalhaes.com.br\/index.php\/wp-json\/wp\/v2\/posts\/4275\/revisions"}],"predecessor-version":[{"id":25404,"href":"https:\/\/blogdoedvaldomagalhaes.com.br\/index.php\/wp-json\/wp\/v2\/posts\/4275\/revisions\/25404"}],"wp:attachment":[{"href":"https:\/\/blogdoedvaldomagalhaes.com.br\/index.php\/wp-json\/wp\/v2\/media?parent=4275"}],"wp:term":[{"taxonomy":"category","embeddable":true,"href":"https:\/\/blogdoedvaldomagalhaes.com.br\/index.php\/wp-json\/wp\/v2\/categories?post=4275"},{"taxonomy":"post_tag","embeddable":true,"href":"https:\/\/blogdoedvaldomagalhaes.com.br\/index.php\/wp-json\/wp\/v2\/tags?post=4275"}],"curies":[{"name":"wp","href":"https:\/\/api.w.org\/{rel}","templated":true}]}}