{"id":4274,"date":"2017-10-23T21:00:00","date_gmt":"2017-10-23T23:00:00","guid":{"rendered":"http:\/\/blogdoedvaldomagalhaes.com.br\/index.php\/2017\/10\/23\/outubro-rosa-em-caruaru-tem-9-campanha\/"},"modified":"2019-02-09T01:49:09","modified_gmt":"2019-02-09T03:49:09","slug":"outubro-rosa-em-caruaru-tem-9-campanha","status":"publish","type":"post","link":"https:\/\/blogdoedvaldomagalhaes.com.br\/index.php\/2017\/10\/23\/outubro-rosa-em-caruaru-tem-9-campanha\/","title":{"rendered":"Outubro Rosa em Caruaru tem 9\u00aa Campanha de Preven\u00e7\u00e3o das Doen\u00e7as da Mama"},"content":{"rendered":"<div class=\"separator\" style=\"clear: both; text-align: center;\">\n<a href=\"https:\/\/4.bp.blogspot.com\/-j8jRd1RHZnk\/We5Xcqo78mI\/AAAAAAAAiMY\/aWCkTfODULM2ComKRor3AVajTPY7ethMACLcBGAs\/s1600\/outubro.jpg\" imageanchor=\"1\" style=\"margin-left: 1em; margin-right: 1em;\"><img loading=\"lazy\" decoding=\"async\" border=\"0\" data-original-height=\"1600\" data-original-width=\"1132\" height=\"400\" src=\"http:\/\/blogdoedvaldomagalhaes.com.br\/wp-content\/uploads\/2017\/10\/outubro.jpg\" width=\"281\" \/><\/a><\/div>\n<div style=\"text-align: justify;\">\n<\/div>\n<div style=\"text-align: justify;\">\nO Outubro Rosa \u00e9 uma a\u00e7\u00e3o mundial que tem o objetivo de incentivar a preven\u00e7\u00e3o do c\u00e2ncer de mama. Em fun\u00e7\u00e3o disso, come\u00e7ou nesta segunda-feira (23) e prossegue at\u00e9 domingo&nbsp; (29) a 9\u00aa Campanha de Preven\u00e7\u00e3o das Doen\u00e7as da Mama no Shopping Difusora, em Caruaru, das 9h \u00e0s 18h.<\/div>\n<div style=\"text-align: justify;\">\n<\/div>\n<div style=\"text-align: justify;\">\nA Campanha tem o intuito de fornecer m\u00e9todos para a preven\u00e7\u00e3o, diagn\u00f3stico e at\u00e9 tratamento do c\u00e2ncer de mama, com atendimento gratuito e entrada franca. Al\u00e9m disso, a a\u00e7\u00e3o quer tamb\u00e9m incentivar a mulher \u00e0 pratica do autoexame. Nas \u00faltimas oito edi\u00e7\u00f5es, os atendimentos alcan\u00e7aram cerca de 44 mil mulheres no total. Destas, 40 apontaram resultado positivo para o c\u00e2ncer de mama e foram redirecionadas para o tratamento. A expectativa para este ano \u00e9 que outras 12 mil mulheres possam receber este suporte.<\/div>\n<div style=\"text-align: justify;\">\n<\/div>\n<div style=\"text-align: justify;\">\nDe acordo com m\u00e9dico Manoel Flor\u00eancio, idealizador da Campanha, o evento surge com o intuito de suprir as necessidades de sa\u00fade da popula\u00e7\u00e3o, e ele enquanto m\u00e9dico se sente no dever de desempenhar sua profiss\u00e3o tamb\u00e9m nesses espa\u00e7os. \u201cOs cuidados contra o c\u00e2ncer de mama devem ser realizados constantemente, mas exigem um valor a ser pago. Esta \u00e9 uma oportunidade para mulheres de baixa renda que n\u00e3o tem condi\u00e7\u00f5es de pagar pelos exames preventivos e diagn\u00f3sticos\u201d, afirma ele.<\/div>\n<div style=\"text-align: justify;\">\n<\/div>\n<div style=\"text-align: justify;\">\nSegundo estat\u00edsticas do Instituto Nacional do C\u00e2ncer (INCA), 600 mil novos casos de c\u00e2ncer foram identificados entre 2016 e 2017. O c\u00e2ncer de mama possui uma porcentagem de 28,1% nesse total, atingindo na sua maioria mulheres que est\u00e3o na menopausa, e \u00e9 a segunda maior causa de morte por c\u00e2ncer entre elas em todo o mundo, alcan\u00e7ando uma estimativa anual de 522 mil pessoas. Os pa\u00edses que mais apresentam esse fator s\u00e3o os que est\u00e3o ainda em desenvolvimento.<\/div>\n","protected":false},"excerpt":{"rendered":"<p>O Outubro Rosa \u00e9 uma a\u00e7\u00e3o mundial que tem o objetivo de incentivar a preven\u00e7\u00e3o do c\u00e2ncer de mama. Em&hellip;<\/p>\n","protected":false},"author":1,"featured_media":0,"comment_status":"open","ping_status":"open","sticky":false,"template":"","format":"standard","meta":{"footnotes":""},"categories":[1],"tags":[2,6,5286,3018],"class_list":["post-4274","post","type-post","status-publish","format-standard","hentry","category-sem-categoria","tag-blog-do-edvaldo-magalhaes","tag-noticias","tag-outubro-rosa-em-caruaru-tem-9a-campanha-de-prevencao-das-doencas-da-mama","tag-shopping-difusora"],"_links":{"self":[{"href":"https:\/\/blogdoedvaldomagalhaes.com.br\/index.php\/wp-json\/wp\/v2\/posts\/4274","targetHints":{"allow":["GET"]}}],"collection":[{"href":"https:\/\/blogdoedvaldomagalhaes.com.br\/index.php\/wp-json\/wp\/v2\/posts"}],"about":[{"href":"https:\/\/blogdoedvaldomagalhaes.com.br\/index.php\/wp-json\/wp\/v2\/types\/post"}],"author":[{"embeddable":true,"href":"https:\/\/blogdoedvaldomagalhaes.com.br\/index.php\/wp-json\/wp\/v2\/users\/1"}],"replies":[{"embeddable":true,"href":"https:\/\/blogdoedvaldomagalhaes.com.br\/index.php\/wp-json\/wp\/v2\/comments?post=4274"}],"version-history":[{"count":1,"href":"https:\/\/blogdoedvaldomagalhaes.com.br\/index.php\/wp-json\/wp\/v2\/posts\/4274\/revisions"}],"predecessor-version":[{"id":25406,"href":"https:\/\/blogdoedvaldomagalhaes.com.br\/index.php\/wp-json\/wp\/v2\/posts\/4274\/revisions\/25406"}],"wp:attachment":[{"href":"https:\/\/blogdoedvaldomagalhaes.com.br\/index.php\/wp-json\/wp\/v2\/media?parent=4274"}],"wp:term":[{"taxonomy":"category","embeddable":true,"href":"https:\/\/blogdoedvaldomagalhaes.com.br\/index.php\/wp-json\/wp\/v2\/categories?post=4274"},{"taxonomy":"post_tag","embeddable":true,"href":"https:\/\/blogdoedvaldomagalhaes.com.br\/index.php\/wp-json\/wp\/v2\/tags?post=4274"}],"curies":[{"name":"wp","href":"https:\/\/api.w.org\/{rel}","templated":true}]}}