{"id":4260,"date":"2017-10-24T19:46:00","date_gmt":"2017-10-24T21:46:00","guid":{"rendered":"http:\/\/blogdoedvaldomagalhaes.com.br\/index.php\/2017\/10\/24\/festa-fantasia-sera-realizada-na-rua\/"},"modified":"2019-02-09T01:49:15","modified_gmt":"2019-02-09T03:49:15","slug":"festa-fantasia-sera-realizada-na-rua","status":"publish","type":"post","link":"https:\/\/blogdoedvaldomagalhaes.com.br\/index.php\/2017\/10\/24\/festa-fantasia-sera-realizada-na-rua\/","title":{"rendered":"Festa \u00e0 Fantasia\u201d ser\u00e1 realizada na rua Silvino Macedo em Caruaru domingo (29)"},"content":{"rendered":"<div class=\"separator\" style=\"clear: both; text-align: center;\">\n<a href=\"https:\/\/3.bp.blogspot.com\/-ThjUSzapsNQ\/We-YVOdFbRI\/AAAAAAAAiRA\/abqzKFRLVq0q5A_s3jfcH31TYcUG1X5CgCLcBGAs\/s1600\/folor.jpeg\" imageanchor=\"1\" style=\"margin-left: 1em; margin-right: 1em;\"><img loading=\"lazy\" decoding=\"async\" border=\"0\" data-original-height=\"1280\" data-original-width=\"1280\" height=\"400\" src=\"http:\/\/blogdoedvaldomagalhaes.com.br\/wp-content\/uploads\/2017\/10\/folor.jpeg\" width=\"400\" \/><\/a><\/div>\n<div class=\"MsoNormal\" style=\"text-align: justify;\">\n<\/div>\n<div class=\"MsoNormal\" style=\"text-align: justify;\">\n\u201cFesta \u00e0 Fantasia\u201d, \u00e9 em alus\u00e3o ao<br \/>\nHalloween, comemorado dia 31 de outubro, e a grande novidade \u00e9 a presen\u00e7a do<br \/>\nprojeto Som na Rural, com Roger de Renor comandando a discotecagem.<\/div>\n<div class=\"MsoNormal\" style=\"text-align: justify;\">\n<\/div>\n<div class=\"MsoNormal\" style=\"text-align: justify;\">\nA segunda edi\u00e7\u00e3o do festival ser\u00e1 uma grande festa \u00e0 fantasia ao ar<br \/>\nlivre, para todas as tribos e idades. Das 12h \u00e0s 20h, a rua se transforma numa<br \/>\n\u00e1rea de lazer para toda a fam\u00edlia, com m\u00fasica ao vivo, artesanato,<br \/>\nbrincadeiras, estabelecimentos da rua com mesas nas cal\u00e7adas e distribui\u00e7\u00e3o de<br \/>\ndoces ao longo do dia.<\/div>\n<div class=\"MsoNormal\" style=\"text-align: justify;\">\n<\/div>\n<div style=\"line-height: 150%; text-align: justify; text-indent: 35.4pt;\">\n<\/div>\n<div class=\"MsoNormal\" style=\"text-align: justify;\">\nAl\u00e9m disso, ser\u00e1 realizado um concurso de fantasias e, aos<br \/>\nvencedores, ser\u00e3o entregues pr\u00eamios oferecidos por estabelecimentos da rua,<br \/>\ncomo barca de sushi do Temaki Arretado e cupons de desconto da Plural Loja<br \/>\nColaborativa e do Barcelona Tapas. O concurso \u00e9 aberto para todas as idades. A<br \/>\nRua Silvino Mac\u00eado ser\u00e1 fechada para tr\u00e1fego de ve\u00edculos a partir das 11h do<br \/>\ndia 29.<\/div>\n","protected":false},"excerpt":{"rendered":"<p>\u201cFesta \u00e0 Fantasia\u201d, \u00e9 em alus\u00e3o ao Halloween, comemorado dia 31 de outubro, e a grande novidade \u00e9 a presen\u00e7a&hellip;<\/p>\n","protected":false},"author":1,"featured_media":0,"comment_status":"open","ping_status":"open","sticky":false,"template":"","format":"standard","meta":{"footnotes":""},"categories":[1],"tags":[2,5262,6],"class_list":["post-4260","post","type-post","status-publish","format-standard","hentry","category-sem-categoria","tag-blog-do-edvaldo-magalhaes","tag-festa-a-fantasia-sera-realizada-na-rua-silvino-macedo-em-caruaru-domingo-29","tag-noticias"],"_links":{"self":[{"href":"https:\/\/blogdoedvaldomagalhaes.com.br\/index.php\/wp-json\/wp\/v2\/posts\/4260","targetHints":{"allow":["GET"]}}],"collection":[{"href":"https:\/\/blogdoedvaldomagalhaes.com.br\/index.php\/wp-json\/wp\/v2\/posts"}],"about":[{"href":"https:\/\/blogdoedvaldomagalhaes.com.br\/index.php\/wp-json\/wp\/v2\/types\/post"}],"author":[{"embeddable":true,"href":"https:\/\/blogdoedvaldomagalhaes.com.br\/index.php\/wp-json\/wp\/v2\/users\/1"}],"replies":[{"embeddable":true,"href":"https:\/\/blogdoedvaldomagalhaes.com.br\/index.php\/wp-json\/wp\/v2\/comments?post=4260"}],"version-history":[{"count":1,"href":"https:\/\/blogdoedvaldomagalhaes.com.br\/index.php\/wp-json\/wp\/v2\/posts\/4260\/revisions"}],"predecessor-version":[{"id":25437,"href":"https:\/\/blogdoedvaldomagalhaes.com.br\/index.php\/wp-json\/wp\/v2\/posts\/4260\/revisions\/25437"}],"wp:attachment":[{"href":"https:\/\/blogdoedvaldomagalhaes.com.br\/index.php\/wp-json\/wp\/v2\/media?parent=4260"}],"wp:term":[{"taxonomy":"category","embeddable":true,"href":"https:\/\/blogdoedvaldomagalhaes.com.br\/index.php\/wp-json\/wp\/v2\/categories?post=4260"},{"taxonomy":"post_tag","embeddable":true,"href":"https:\/\/blogdoedvaldomagalhaes.com.br\/index.php\/wp-json\/wp\/v2\/tags?post=4260"}],"curies":[{"name":"wp","href":"https:\/\/api.w.org\/{rel}","templated":true}]}}